{"id":4309,"date":"2024-11-03T19:26:31","date_gmt":"2024-11-03T22:26:31","guid":{"rendered":"https:\/\/portaltvatosefatos.com.br\/?p=4309"},"modified":"2024-11-03T19:26:32","modified_gmt":"2024-11-03T22:26:32","slug":"nova-campanha-da-sanepar-chama-atencao-para-crise-climatica-e-uso-consciente-da-agua","status":"publish","type":"post","link":"https:\/\/portaltvatosefatos.com.br\/index.php\/2024\/11\/03\/nova-campanha-da-sanepar-chama-atencao-para-crise-climatica-e-uso-consciente-da-agua\/","title":{"rendered":"Nova campanha da Sanepar chama aten\u00e7\u00e3o para crise clim\u00e1tica e uso consciente da \u00e1gua"},"content":{"rendered":"\n<p><strong>A Companhia de Saneamento do Paran\u00e1 (Sanepar) lan\u00e7a, a partir desta sexta-feira (1.\u00ba), uma campanha de conscientiza\u00e7\u00e3o sobre crise clim\u00e1tica e uso racional da \u00e1gua, em raz\u00e3o da falta de chuvas, do d\u00e9ficit h\u00eddrico e do crescente aumento no consumo. O conceito da campanha \u00e9 \u201cEnt\u00e3o d\u00ea uma for\u00e7a pro amanh\u00e3. Fa\u00e7a uso consciente da \u00e1gua hoje\u201d.<\/strong><\/p>\n\n\n\n<p>O diretor-presidente da Sanepar, Wilson Bley, comenta como \u00e9 s\u00e9rio o reflexo da estiagem e do calor na produ\u00e7\u00e3o e na distribui\u00e7\u00e3o da \u00e1gua tratada. \u201cEm per\u00edodos de estiagem, temos um volume menor de \u00e1gua nos mananciais, mas, por causa do calor, as pessoas naturalmente consomem mais.&nbsp;A conta n\u00e3o fecha\u201d, explica. Bley conta que, em algumas regi\u00f5es do Estado, o consumo aumentou 20% nos dias mais quentes.<\/p>\n\n\n\n<p>O ser humano tem notado as consequ\u00eancias das mudan\u00e7as clim\u00e1ticas de v\u00e1rias formas, especialmente, nas \u00faltimas d\u00e9cadas. A altera\u00e7\u00e3o no regime de chuvas, com enchentes e secas extremas cada vez mais frequentes, e per\u00edodos de frio e calor desregulados, com temperaturas muito acima das m\u00e9dias hist\u00f3rias,&nbsp;trazem&nbsp;fortes&nbsp;impactos justamente&nbsp;na \u00e1gua. Para lembrar disso e sensibilizar a popula\u00e7\u00e3o sobre o uso inteligente deste recurso&nbsp;\u00e9 que&nbsp;surgiu a campanha.<\/p>\n\n\n\n<p>\u201cA Sanepar tem investido muito em obras de amplia\u00e7\u00e3o dos sistemas, abertura de novos po\u00e7os, explora\u00e7\u00e3o de novas fontes de capta\u00e7\u00e3o. Por\u00e9m, essas medidas, em algum momento, podem n\u00e3o ser suficientes\u201d, refor\u00e7a. O diretor-presidente explica ainda que o papel da popula\u00e7\u00e3o \u00e9 essencial nesse processo. \u201c\u00c9 primordial que a responsabilidade pela preserva\u00e7\u00e3o desse bem, que \u00e9 finito, seja compartilhada. \u00c0s vezes abusamos um pouco, enchendo a piscina, lavando carro com \u00e1gua tratada, lavando uma cal\u00e7ada, coisas para as quais pode haver outras alternativas\u201d, destaca Bley, lembrando que a \u00e1gua tratada deve ser priorizada para higiene e alimenta\u00e7\u00e3o.<\/p>\n\n\n\n<p>Segundo o diretor-presidente, a inten\u00e7\u00e3o com a divulga\u00e7\u00e3o do novo material \u00e9 impactar positivamente a popula\u00e7\u00e3o que faz o uso do servi\u00e7o da Sanepar. \u201cEstaremos presentes na TV aberta com as principais emissoras do estado, e em oito pra\u00e7as diferentes. Al\u00e9m de r\u00e1dio, ve\u00edculos online e jornais.\u201d<\/p>\n\n\n\n<p><strong>TRABALHO E INVESTIMENTO ININTERRUPTOS \u2013<\/strong>&nbsp;A Sanepar monitora constantemente os n\u00edveis dos mananciais de capta\u00e7\u00e3o de \u00e1gua, superficiais e subterr\u00e2neos. A estiagem prolongada, com um per\u00edodo de chuvas de pequeno volume desde abril, est\u00e1 reduzindo a disponibilidade h\u00eddrica e a capacidade produtiva de po\u00e7os e ribeir\u00f5es. Houve queda nos n\u00edveis desses mananciais em v\u00e1rias cidades. Os sistemas de \u00e1gua est\u00e3o operando dentro da normalidade at\u00e9 o momento, mas a Companhia faz constante monitoramento, mantendo estado de alerta.<\/p>\n\n\n\n<p>As temperaturas muito acima do normal para o per\u00edodo,&nbsp;em algumas regi\u00f5es em at\u00e9 10 graus, de acordo com institutos como Inmet e Climatempo,&nbsp;tamb\u00e9m contribuem para o estado de alerta no abastecimento. O calor tem provocado desconforto para as pessoas, que tendem a tomar mais banhos no dia e a consumir mais \u00e1gua em geral.<\/p>\n\n\n\n<p>\u201cO cen\u00e1rio que se apresenta deve despertar nas pessoas o senso de economia do recurso. A maior demanda de consumo, especialmente em hor\u00e1rios de pico na semana ou \u00e0s sextas-feiras e s\u00e1bados, tem influ\u00eancia direta na press\u00e3o da rede de distribui\u00e7\u00e3o. Por isso, embora n\u00e3o haja desabastecimento, o cliente pode n\u00e3o ter a press\u00e3o que est\u00e1 acostumado a ver no seu im\u00f3vel. Pontos mais altos na cidade ou mais distantes dos reservat\u00f3rios est\u00e3o mais sujeitos a esta situa\u00e7\u00e3o,\u201d alerta o presidente.<\/p>\n\n\n\n<p>As equipes t\u00e9cnicas da Sanepar trabalham para manter o abastecimento regular e com qualidade 24 horas por dia, nos sete dias da semana. Considerando a particularidade de cada sistema, a Sanepar tem executado obras de melhorias, adequa\u00e7\u00f5es ou amplia\u00e7\u00f5es para dar maior condi\u00e7\u00e3o de atendimento.<\/p>\n\n\n\n<p>\u201cA Companhia busca e pensa constantemente em solu\u00e7\u00f5es que atendam as demandas dos clientes&nbsp;e as necessidades das regi\u00f5es e dos munic\u00edpios, e tem feito investimentos robustos,&nbsp;boa parte para garantir o abastecimento de \u00e1gua. At\u00e9 o final deste ano, v\u00e3o ser investidos mais de R$ 2 bilh\u00f5es e, at\u00e9 2028, esse valor deve chegar a R$ 11 bilh\u00f5es\u201d, complementa Wilson Bley.<\/p>\n\n\n\n<p>Para ajudar, a popula\u00e7\u00e3o pode adotar h\u00e1bitos&nbsp;inteligentes&nbsp;de consumo&nbsp;da \u00e1gua tratada&nbsp;na rotina. Mudan\u00e7as simples podem causar grande impacto e ajudam a preservar este recurso finito e essencial \u00e0 vida.<\/p>\n\n\n\n<p><strong>Siga estas dicas:<\/strong><\/p>\n\n\n\n<p>&#8211; N\u00e3o se deve utilizar \u00e1gua pot\u00e1vel para diminuir a poeira das cal\u00e7adas, nem varrer res\u00edduos;<\/p>\n\n\n\n<p>&#8211; N\u00e3o se deve lavar ve\u00edculos com \u00e1gua tratada;<\/p>\n\n\n\n<p>&#8211; N\u00e3o se deve desperdi\u00e7ar \u00e1gua enchendo piscinas;<\/p>\n\n\n\n<p>&#8211; Reduza o n\u00famero de lavagens de roupa. Acumule as roupas e use a capacidade m\u00e1xima da m\u00e1quina de lavar;<\/p>\n\n\n\n<p>&#8211; A \u00e1gua de lavagem e enx\u00e1gue de roupas deve ser aproveitada para outras atividades, como lavagem de pisos e cal\u00e7ados;<\/p>\n\n\n\n<p>&#8211; Os banhos devem ser r\u00e1pidos: apenas cinco minutos de chuveiro consomem cerca de 70 litros de \u00e1gua;<\/p>\n\n\n\n<p>&#8211; \u00c9 preciso redobrar os cuidados com a hidrata\u00e7\u00e3o: \u00e1gua tratada deve ser priorizada para consumo humano e de animais dom\u00e9sticos, na alimenta\u00e7\u00e3o e na higiene;<\/p>\n\n\n\n<p>&#8211; Feche a cuba da pia, deixando um pouco de \u00e1gua. Ensaboe toda a lou\u00e7a e enx\u00e1gue com \u00e1gua limpa. N\u00e3o deixe a torneira aberta durante todo o tempo;<\/p>\n\n\n\n<p>&#8211; Deve-se fechar a torneira enquanto se escova os dentes, se ensaboa as m\u00e3os ou se faz a barba:&nbsp;torneira aberta manda para o ralo 20 litros de \u00e1gua por minuto;<\/p>\n\n\n\n<p>&#8211; Prefira vasos sanit\u00e1rios menores, que utilizam menos \u00e1gua para a descarga;<\/p>\n\n\n\n<p>&#8211; Nas caixas de descargas acopladas, coloque dentro uma garrafa pet de 1,5 litro ou 2 litros fechada, com \u00e1gua ou areia. Com isso, a cada descarga, h\u00e1 uma economia de 1,5 l ou 2l;<\/p>\n\n\n\n<p>&#8211; Ao identificar qualquer poss\u00edvel vazamento de \u00e1gua na rede da Sanepar, informe diretamente a Companhia pelo telefone 0800 200 0115.<\/p>\n\n\n\n<p>Fonte &#8211; AEN<\/p>\n","protected":false},"excerpt":{"rendered":"<p>A Companhia de Saneamento do Paran\u00e1 (Sanepar) lan\u00e7a, a partir desta sexta-feira (1.\u00ba), uma campanha de conscientiza\u00e7\u00e3o sobre crise clim\u00e1tica e uso racional da \u00e1gua, em raz\u00e3o da falta de chuvas, do d\u00e9ficit h\u00eddrico e do crescente aumento no consumo. O conceito da campanha \u00e9 \u201cEnt\u00e3o d\u00ea uma for\u00e7a pro amanh\u00e3. Fa\u00e7a uso consciente da [&hellip;]<\/p>\n","protected":false},"author":2,"featured_media":4310,"comment_status":"open","ping_status":"open","sticky":false,"template":"","format":"standard","meta":{"_monsterinsights_skip_tracking":false,"_monsterinsights_sitenote_active":false,"_monsterinsights_sitenote_note":"","_monsterinsights_sitenote_category":0},"categories":[3,290],"tags":[],"_links":{"self":[{"href":"https:\/\/portaltvatosefatos.com.br\/index.php\/wp-json\/wp\/v2\/posts\/4309"}],"collection":[{"href":"https:\/\/portaltvatosefatos.com.br\/index.php\/wp-json\/wp\/v2\/posts"}],"about":[{"href":"https:\/\/portaltvatosefatos.com.br\/index.php\/wp-json\/wp\/v2\/types\/post"}],"author":[{"embeddable":true,"href":"https:\/\/portaltvatosefatos.com.br\/index.php\/wp-json\/wp\/v2\/users\/2"}],"replies":[{"embeddable":true,"href":"https:\/\/portaltvatosefatos.com.br\/index.php\/wp-json\/wp\/v2\/comments?post=4309"}],"version-history":[{"count":1,"href":"https:\/\/portaltvatosefatos.com.br\/index.php\/wp-json\/wp\/v2\/posts\/4309\/revisions"}],"predecessor-version":[{"id":4311,"href":"https:\/\/portaltvatosefatos.com.br\/index.php\/wp-json\/wp\/v2\/posts\/4309\/revisions\/4311"}],"wp:featuredmedia":[{"embeddable":true,"href":"https:\/\/portaltvatosefatos.com.br\/index.php\/wp-json\/wp\/v2\/media\/4310"}],"wp:attachment":[{"href":"https:\/\/portaltvatosefatos.com.br\/index.php\/wp-json\/wp\/v2\/media?parent=4309"}],"wp:term":[{"taxonomy":"category","embeddable":true,"href":"https:\/\/portaltvatosefatos.com.br\/index.php\/wp-json\/wp\/v2\/categories?post=4309"},{"taxonomy":"post_tag","embeddable":true,"href":"https:\/\/portaltvatosefatos.com.br\/index.php\/wp-json\/wp\/v2\/tags?post=4309"}],"curies":[{"name":"wp","href":"https:\/\/api.w.org\/{rel}","templated":true}]}}