{"id":4460,"date":"2025-02-17T18:54:50","date_gmt":"2025-02-17T21:54:50","guid":{"rendered":"https:\/\/portaltvatosefatos.com.br\/?p=4460"},"modified":"2025-02-17T18:54:51","modified_gmt":"2025-02-17T21:54:51","slug":"casos-de-dengue-caem-931-no-parana-em-2025-estado-recomenda-cuidado-constante","status":"publish","type":"post","link":"https:\/\/portaltvatosefatos.com.br\/index.php\/2025\/02\/17\/casos-de-dengue-caem-931-no-parana-em-2025-estado-recomenda-cuidado-constante\/","title":{"rendered":"Casos de dengue caem 93,1% no Paran\u00e1 em 2025; Estado recomenda cuidado constante"},"content":{"rendered":"\n<p><strong>Nas primeiras sete semanas de 2025, o n\u00famero de casos confirmados de dengue no Paran\u00e1 \u00e9 93,1% menor em rela\u00e7\u00e3o ao mesmo per\u00edodo de 2024.<\/strong><\/p>\n\n\n\n<p>Os dados, ainda preliminares, s\u00e3o do&nbsp;Sistema de Informa\u00e7\u00e3o de Agravos de Notifica\u00e7\u00e3o&nbsp;(Sinan),&nbsp;do Minist\u00e9rio da Sa\u00fade. Do dia 1\u00ba de janeiro at\u00e9 15 de fevereiro deste ano foram registrados 5.323 casos confirmados, contra 77.743 no ano passado.<\/p>\n\n\n\n<p>Das 22 Regionais de Sa\u00fade, 91% apresentaram redu\u00e7\u00e3o de casos prov\u00e1veis, com exce\u00e7\u00e3o das Regionais de Uni\u00e3o da Vit\u00f3ria (6\u00aaRS) e Ponta Grossa (3\u00aaRS), onde houve o aumento de 43% e 23% respectivamente.<\/p>\n\n\n\n<p>A redu\u00e7\u00e3o dos dois per\u00edodos tamb\u00e9m \u00e9 verificada para os \u00f3bitos, passando de 86 para 2, uma queda de 97,7%. Em rela\u00e7\u00e3o aos casos prov\u00e1veis de dengue, o Paran\u00e1 teve uma diminui\u00e7\u00e3o de 80,8% na semana epidemiol\u00f3gica 01 a 07. Em 2024 foram 81.417 casos, e em 2025, 15.663.<\/p>\n\n\n\n<p>Apesar da expressiva redu\u00e7\u00e3o de casos e \u00f3bitos, a Secretaria de Estado da Sa\u00fade (Sesa) ressalta a import\u00e2ncia de as pessoas continuarem com as pr\u00e1ticas de limpeza e elimina\u00e7\u00e3o de poss\u00edveis criadouros do&nbsp;<em>Aedes aegypti<\/em>, mosquito&nbsp;transmissor da dengue, chikungunya e Zika V\u00edrus.&nbsp;&nbsp;<\/p>\n\n\n\n<p>\u201cEssa redu\u00e7\u00e3o substancial do n\u00famero de casos de dengue segue sendo um reflexo de um trabalho organizado, de conscientiza\u00e7\u00e3o e conjunto. \u00c9 fundamental manter as iniciativas que est\u00e3o sendo desenvolvidas no Estado e fortalecer ainda mais as a\u00e7\u00f5es assistenciais\u201d, enfatizou o secret\u00e1rio de Estado da Sa\u00fade, Beto Preto.&nbsp;&nbsp;<\/p>\n\n\n\n<p>De acordo com a Organiza\u00e7\u00e3o Pan-Americana da Sa\u00fade (Opas\/OMS), os casos de dengue s\u00e3o registrados em v\u00e1rios pa\u00edses da Am\u00e9rica. Um alerta para risco de surtos devido \u00e0 circula\u00e7\u00e3o do sorotipo DENV-3 foi emitido pela institui\u00e7\u00e3o no in\u00edcio de fevereiro. Segundo a Opas, al\u00e9m do Brasil, o sorotipo 3 da dengue est\u00e1 presente na Argentina, Col\u00f4mbia, Costa Rica, Guatemala, M\u00e9xico, Nicar\u00e1gua, Peru e Porto Rico.&nbsp;<\/p>\n\n\n\n<p>A infec\u00e7\u00e3o por um dos quatro sorotipos (DENV-1, DENV-2, DENV-3 e DENV-4) gera imunidade espec\u00edfica, mas \u00e9 poss\u00edvel contrair a doen\u00e7a novamente se a pessoa for picada pelo vetor que estiver contaminado com um sorotipo diferente.<\/p>\n\n\n\n<p>\u201c\u00c9 poss\u00edvel contrair dengue mais de uma vez, por um sorotipo diferente, podendo causar um quadro cl\u00ednico mais grave. H\u00e1 dois anos n\u00e3o t\u00ednhamos essa circula\u00e7\u00e3o viral, por isso os cuidados devem ser mantidos\u201d, refor\u00e7a a coordenadora da Vigil\u00e2ncia Ambiental da Sesa, Ivana Belmonte. &nbsp;<\/p>\n\n\n\n<p><strong>AGRAVAMENTO<\/strong>&nbsp;\u2013&nbsp;A Sesa&nbsp;alerta para um outro cen\u00e1rio em rela\u00e7\u00e3o \u00e0s arboviroses no Paran\u00e1: o aumento de casos de chikungunya. A doen\u00e7a tamb\u00e9m \u00e9 transmitida pelo<em>&nbsp;Aedes aegypti<\/em>, o que demonstra que os cuidados contra o mosquito devem ser refor\u00e7ados, mesmo com a queda nos casos de dengue. Existe um aumento de 383% no n\u00famero de casos prov\u00e1veis de chikungunya, considerando o mesmo per\u00edodo de 2024 &#8211; foram 93 ano passado contra os atuais 449 at\u00e9 aqui no ano.&nbsp;<\/p>\n\n\n\n<p>\u201cA doen\u00e7a Chikungunya apresenta situa\u00e7\u00e3o preocupante, e como se trata do mesmo vetor envolvido nos dois agravos, o mosquito Aedes aegypti, \u00e9 necess\u00e1rio que as medidas de controle vetorial sejam intensificadas, e que a popula\u00e7\u00e3o colabore, n\u00e3o acumulando \u00e1gua que possa tornar-se criadouros\u201d, explica Ivana.<\/p>\n\n\n\n<p>A maior parte dos criadouros de mosquitos s\u00e3o pass\u00edveis de elimina\u00e7\u00e3o, como vasos de plantas, pneus e lixo, o que evidencia a necessidade de sensibiliza\u00e7\u00e3o da sociedade para o cuidado com seu domic\u00edlio e a intensifica\u00e7\u00e3o dos servi\u00e7os de limpeza urbana e destina\u00e7\u00e3o adequada de res\u00edduos.<\/p>\n\n\n\n<p><strong>A\u00c7\u00d5ES&nbsp;<\/strong>\u2013<strong>&nbsp;<\/strong>A Secretaria, por meio de suas 22 Regionais de Sa\u00fade, vem trabalhando constantemente durante todo o ano promovendo a\u00e7\u00f5es de apoio no enfrentamento \u00e0s arboviroses (dengue, chikungunya e Zika V\u00edrus) junto aos munic\u00edpios, com incentivo e orienta\u00e7\u00e3o para a ado\u00e7\u00e3o das novas tecnologias propostas pelo Minist\u00e9rio da Sa\u00fade. Nos \u00faltimos 12 meses o Paran\u00e1 implantou, capacitou e investiu em v\u00e1rias frentes no enfrentamento \u00e0 dengue, principalmente em novas tecnologias.<\/p>\n\n\n\n<p>Algumas delas s\u00e3o: o m\u00e9todo Wolbachia (consiste na libera\u00e7\u00e3o de mosquitos&nbsp;<em>Aedes aegypti<\/em>&nbsp;juntamente com a bact\u00e9ria Wolbachia, que impede que os v\u00edrus da dengue se prolifere), a t\u00e9cnica de borrifa\u00e7\u00e3o residual (BRI-Aedes), que consiste na&nbsp;aplica\u00e7\u00e3o de inseticida residual em partes das paredes internas de im\u00f3veis especiais \u2013 lugares p\u00fablicos com grande circula\u00e7\u00e3o de pessoas, e&nbsp;o monitoramento entomol\u00f3gico por ovitrampas (armadilhas de oviposi\u00e7\u00e3o para as f\u00eameas).&nbsp;<\/p>\n\n\n\n<p>Fonte- AEN<\/p>\n","protected":false},"excerpt":{"rendered":"<p>Nas primeiras sete semanas de 2025, o n\u00famero de casos confirmados de dengue no Paran\u00e1 \u00e9 93,1% menor em rela\u00e7\u00e3o ao mesmo per\u00edodo de 2024. Os dados, ainda preliminares, s\u00e3o do&nbsp;Sistema de Informa\u00e7\u00e3o de Agravos de Notifica\u00e7\u00e3o&nbsp;(Sinan),&nbsp;do Minist\u00e9rio da Sa\u00fade. Do dia 1\u00ba de janeiro at\u00e9 15 de fevereiro deste ano foram registrados 5.323 casos [&hellip;]<\/p>\n","protected":false},"author":2,"featured_media":4462,"comment_status":"open","ping_status":"open","sticky":false,"template":"","format":"standard","meta":{"_monsterinsights_skip_tracking":false,"_monsterinsights_sitenote_active":false,"_monsterinsights_sitenote_note":"","_monsterinsights_sitenote_category":0},"categories":[3,35],"tags":[351],"_links":{"self":[{"href":"https:\/\/portaltvatosefatos.com.br\/index.php\/wp-json\/wp\/v2\/posts\/4460"}],"collection":[{"href":"https:\/\/portaltvatosefatos.com.br\/index.php\/wp-json\/wp\/v2\/posts"}],"about":[{"href":"https:\/\/portaltvatosefatos.com.br\/index.php\/wp-json\/wp\/v2\/types\/post"}],"author":[{"embeddable":true,"href":"https:\/\/portaltvatosefatos.com.br\/index.php\/wp-json\/wp\/v2\/users\/2"}],"replies":[{"embeddable":true,"href":"https:\/\/portaltvatosefatos.com.br\/index.php\/wp-json\/wp\/v2\/comments?post=4460"}],"version-history":[{"count":1,"href":"https:\/\/portaltvatosefatos.com.br\/index.php\/wp-json\/wp\/v2\/posts\/4460\/revisions"}],"predecessor-version":[{"id":4463,"href":"https:\/\/portaltvatosefatos.com.br\/index.php\/wp-json\/wp\/v2\/posts\/4460\/revisions\/4463"}],"wp:featuredmedia":[{"embeddable":true,"href":"https:\/\/portaltvatosefatos.com.br\/index.php\/wp-json\/wp\/v2\/media\/4462"}],"wp:attachment":[{"href":"https:\/\/portaltvatosefatos.com.br\/index.php\/wp-json\/wp\/v2\/media?parent=4460"}],"wp:term":[{"taxonomy":"category","embeddable":true,"href":"https:\/\/portaltvatosefatos.com.br\/index.php\/wp-json\/wp\/v2\/categories?post=4460"},{"taxonomy":"post_tag","embeddable":true,"href":"https:\/\/portaltvatosefatos.com.br\/index.php\/wp-json\/wp\/v2\/tags?post=4460"}],"curies":[{"name":"wp","href":"https:\/\/api.w.org\/{rel}","templated":true}]}}