{"id":4467,"date":"2025-02-18T18:11:13","date_gmt":"2025-02-18T21:11:13","guid":{"rendered":"https:\/\/portaltvatosefatos.com.br\/?p=4467"},"modified":"2025-02-18T18:11:14","modified_gmt":"2025-02-18T21:11:14","slug":"evandro-dalmolin-morre-em-colisao-traseira-na-br-277","status":"publish","type":"post","link":"https:\/\/portaltvatosefatos.com.br\/index.php\/2025\/02\/18\/evandro-dalmolin-morre-em-colisao-traseira-na-br-277\/","title":{"rendered":"Evandro Dalmolin morre em colis\u00e3o traseira na BR-277"},"content":{"rendered":"\n<p>A pol\u00edcia j\u00e1 identificou a v\u00edtima da colis\u00e3o traseira\u00a0<strong><a href=\"https:\/\/redesuldenoticias.com.br\/noticias\/motorista-de-56-anos-morre-em-acidente-na-br-277-em-guarapuava\/\">ocorrida nesta ter\u00e7a<\/a><\/strong>\u00a0(18), na BR-277, em Guarapuava. Trata-se do ex-diretor da Sanepar, regional de Guarapuava, Evandro Dalmolin, de 56 anos. De acordo com informa\u00e7\u00f5es, Evandro estava enfrentando problemas emocionais. Ele conduzia uma Ford Ranger Vermelha com placas de Guarapuava e entrou na traseira de um caminh\u00e3o Volvo Branco com placas de Irati.<\/p>\n\n\n\n<p>O Corpo de Bombeiros registrou a ocorr\u00eancia \u00e0s 10h46 e tamb\u00e9m esteve no local. O motorista do caminh\u00e3o, de 29 anos, saiu ileso. Ele fez o teste do baf\u00f4metro, que teve resultado negativo para a ingest\u00e3o de bebida alco\u00f3lica.<\/p>\n\n\n\n<p>Evandro Dalmolin teve uma inser\u00e7\u00e3o na pol\u00edtica guarapuavana. Ele disputou a pen\u00faltima elei\u00e7\u00e3o municipal, ocupando a vaga de vice na chapa ent\u00e3o liderada pelo m\u00e9dico Antenor Gomes de Lima (PT). A candidatura dele foi articulada pelo deputado Artag\u00e3o Junior, ent\u00e3o pelo MDB. Al\u00e9m de ter sido candidato a vereador em outros pleitos.<\/p>\n\n\n\n<p>O corpo de Dalmolin encontra-se no Instituto M\u00e9dico Legal (IML) de Guarapuava. Ainda n\u00e3o h\u00e1 informa\u00e7\u00f5es sobre locais e hor\u00e1rios do vel\u00f3rio e do sepultamento.<\/p>\n\n\n\n<p>Fonte &#8211; Portal\u00a0<strong><a href=\"http:\/\/www.redesuldenoticias.com.br\/\">RSN<\/a><\/strong>.<\/p>\n","protected":false},"excerpt":{"rendered":"<p>A pol\u00edcia j\u00e1 identificou a v\u00edtima da colis\u00e3o traseira\u00a0ocorrida nesta ter\u00e7a\u00a0(18), na BR-277, em Guarapuava. Trata-se do ex-diretor da Sanepar, regional de Guarapuava, Evandro Dalmolin, de 56 anos. De acordo com informa\u00e7\u00f5es, Evandro estava enfrentando problemas emocionais. Ele conduzia uma Ford Ranger Vermelha com placas de Guarapuava e entrou na traseira de um caminh\u00e3o Volvo [&hellip;]<\/p>\n","protected":false},"author":2,"featured_media":4468,"comment_status":"open","ping_status":"open","sticky":false,"template":"","format":"standard","meta":{"_monsterinsights_skip_tracking":false,"_monsterinsights_sitenote_active":false,"_monsterinsights_sitenote_note":"","_monsterinsights_sitenote_category":0},"categories":[3,9],"tags":[],"_links":{"self":[{"href":"https:\/\/portaltvatosefatos.com.br\/index.php\/wp-json\/wp\/v2\/posts\/4467"}],"collection":[{"href":"https:\/\/portaltvatosefatos.com.br\/index.php\/wp-json\/wp\/v2\/posts"}],"about":[{"href":"https:\/\/portaltvatosefatos.com.br\/index.php\/wp-json\/wp\/v2\/types\/post"}],"author":[{"embeddable":true,"href":"https:\/\/portaltvatosefatos.com.br\/index.php\/wp-json\/wp\/v2\/users\/2"}],"replies":[{"embeddable":true,"href":"https:\/\/portaltvatosefatos.com.br\/index.php\/wp-json\/wp\/v2\/comments?post=4467"}],"version-history":[{"count":1,"href":"https:\/\/portaltvatosefatos.com.br\/index.php\/wp-json\/wp\/v2\/posts\/4467\/revisions"}],"predecessor-version":[{"id":4469,"href":"https:\/\/portaltvatosefatos.com.br\/index.php\/wp-json\/wp\/v2\/posts\/4467\/revisions\/4469"}],"wp:featuredmedia":[{"embeddable":true,"href":"https:\/\/portaltvatosefatos.com.br\/index.php\/wp-json\/wp\/v2\/media\/4468"}],"wp:attachment":[{"href":"https:\/\/portaltvatosefatos.com.br\/index.php\/wp-json\/wp\/v2\/media?parent=4467"}],"wp:term":[{"taxonomy":"category","embeddable":true,"href":"https:\/\/portaltvatosefatos.com.br\/index.php\/wp-json\/wp\/v2\/categories?post=4467"},{"taxonomy":"post_tag","embeddable":true,"href":"https:\/\/portaltvatosefatos.com.br\/index.php\/wp-json\/wp\/v2\/tags?post=4467"}],"curies":[{"name":"wp","href":"https:\/\/api.w.org\/{rel}","templated":true}]}}