{"id":4513,"date":"2025-04-03T18:10:50","date_gmt":"2025-04-03T21:10:50","guid":{"rendered":"https:\/\/portaltvatosefatos.com.br\/?p=4513"},"modified":"2025-04-03T18:10:51","modified_gmt":"2025-04-03T21:10:51","slug":"ratinho-junior-lanca-fundo-inedito-no-brasil-para-financiar-ate-r-2-bilhoes-ao-agronegocio","status":"publish","type":"post","link":"https:\/\/portaltvatosefatos.com.br\/index.php\/2025\/04\/03\/ratinho-junior-lanca-fundo-inedito-no-brasil-para-financiar-ate-r-2-bilhoes-ao-agronegocio\/","title":{"rendered":"Ratinho Junior lan\u00e7a fundo in\u00e9dito no Brasil para financiar at\u00e9 R$ 2 bilh\u00f5es ao agroneg\u00f3cio"},"content":{"rendered":"\n<p><strong>O governador Carlos Massa Ratinho Junior lan\u00e7ou nesta quinta-feira (3) na B3, em S\u00e3o Paulo, um projeto in\u00e9dito no Brasil para o financiamento do agroneg\u00f3cio.<\/strong><\/p>\n\n\n\n<p>O Fundo de Investimento em Direitos Credit\u00f3rios nas Cadeias Produtivas do Agro (FIDC Agro Paran\u00e1) \u00e9 o primeiro instrumento de cr\u00e9dito voltado ao agroneg\u00f3cio criado por um Estado e dever\u00e1 alavancar aproximadamente R$ 2 bilh\u00f5es para financiar a expans\u00e3o das atividades de produtores agr\u00edcolas vinculados a cooperativas e empresas integradoras nos 399 munic\u00edpios paranaenses.<\/p>\n\n\n\n<p>O FIDC Agro Paran\u00e1 funcionar\u00e1 como uma esp\u00e9cie de \u2018guarda-chuva\u2019, sob o qual as cooperativas instaladas no Estado e empresas integradoras poder\u00e3o participar, por meio da cria\u00e7\u00e3o de outros fundos vinculados, e oferecer condi\u00e7\u00f5es facilitadas de financiamento aos cooperados e integrados para a compra de m\u00e1quinas, equipamentos, sistemas de irriga\u00e7\u00e3o e log\u00edstica.<\/p>\n\n\n\n<p>O Governo do Estado entrou inicialmente com um aporte de R$ 150 milh\u00f5es por meio da Fomento Paran\u00e1, institui\u00e7\u00e3o financeira respons\u00e1vel pela formata\u00e7\u00e3o do fundo, que j\u00e1 disp\u00f5e de outros R$ 200 milh\u00f5es para alavancar fundos da mesma natureza.<\/p>\n\n\n\n<p>A iniciativa foi desenvolvida para oferecer uma alternativa de financiamento ao Plano Safra e de outros recursos destinados ao cr\u00e9dito rural, que t\u00eam se mostrado insuficientes para atender a toda a demanda nacional e no pr\u00f3prio Estado. Diferentemente do programa federal, cuja maior parte dos recursos s\u00e3o usados para custeio e comercializa\u00e7\u00e3o da produ\u00e7\u00e3o, o FIDC Agro Paran\u00e1 ser\u00e1 focado na oferta de cr\u00e9dito para melhorias e amplia\u00e7\u00e3o das atividades agr\u00edcolas.<\/p>\n\n\n\n<p>Segundo o governador, a cria\u00e7\u00e3o do fundo busca aproveitar dois dos principais potenciais econ\u00f4micos do Paran\u00e1, que s\u00e3o a for\u00e7a da agroind\u00fastria e o modelo produtivo cooperativista. \u201cCom a amplia\u00e7\u00e3o da oferta de cr\u00e9dito, queremos estimular os investimentos em \u00e1reas que s\u00e3o a voca\u00e7\u00e3o do Paran\u00e1, tanto \u00e9 que j\u00e1 temos quatro cooperativas que est\u00e3o preparando os seus fundos, al\u00e9m da sinaliza\u00e7\u00e3o de outros segmentos do setor que j\u00e1 demonstraram interesse em aderir\u201d, afirmou.<\/p>\n\n\n\n<p>Ratinho Junior tamb\u00e9m esclareceu que os aportes do Governo do Estado por meio da Fomento Paran\u00e1 buscam equalizar os juros dos futuros financiamentos, e que toda a gest\u00e3o do fundo ser\u00e1 privada. \u201cQuem definir\u00e1 os investimentos que ser\u00e3o feitos ser\u00e1 o setor produtivo. O que o Estado definiu foram algumas regras para incentivar a cadeia econ\u00f4mica, como a prefer\u00eancia pela aquisi\u00e7\u00e3o de produtos feitos no Paran\u00e1\u201d, acrescentou.<\/p>\n\n\n\n<p>A expectativa \u00e9 de que, conforme a iniciativa avance com a atra\u00e7\u00e3o de mais investidores, o Executivo Estadual possa fazer novos aportes para multiplicar os investimentos em todas as regi\u00f5es produtivas do Paran\u00e1. \u201cO Governo do Estado disp\u00f5e no total de R$ 2 bilh\u00f5es, o que pelos nossos c\u00e1lculos podem gerar uma alavancagem de at\u00e9 R$ 14 bilh\u00f5es em investimentos totais para o agroneg\u00f3cio na medida em que o projeto se consolide\u201d, concluiu o governador.<\/p>\n\n\n\n<p><strong>GEST\u00c3O FINANCEIRA<\/strong>&nbsp;\u2013 Al\u00e9m de ser a principal cotista nesta etapa do processo, a Fomento Paran\u00e1 atuar\u00e1 como o bra\u00e7o do Estado na defini\u00e7\u00e3o das pol\u00edticas de aplica\u00e7\u00e3o de recursos do fundo. A participa\u00e7\u00e3o dela \u00e9 limitada a 20% dos recursos totais aplicados, sendo o restante oriundo da iniciativa privada e de outros investidores qualificados, incluindo as pr\u00f3prias cooperativas.<\/p>\n\n\n\n<p>A gest\u00e3o do FIDC Agro Paran\u00e1 ser\u00e1 feita pela Suno Asset, escolhida por meio de chamada p\u00fablica da Fomento Paran\u00e1. Pertencente ao Grupo Suno, a gestora possui mais de R$ 1,5 bilh\u00e3o sob sua gest\u00e3o, sendo mais de R$ 500 milh\u00f5es investidos no agroneg\u00f3cio, e trabalhar\u00e1 para atrair mais investidores privados ao novo fundo.<\/p>\n\n\n\n<p>\u201cO Paran\u00e1 \u00e9 o primeiro Estado a ter um instrumento de cr\u00e9dito deste tipo, em um arranjo que tamb\u00e9m envolve as cooperativas e empresas integradoras paranaenses e uma empresa gestora, que buscar\u00e3o no mercado outros investidores para alavancar o neg\u00f3cio\u201d, destacou o presidente da Fomento Paran\u00e1, Claudio Stabile.<\/p>\n\n\n\n<p>O foco inicial ser\u00e1 nas cooperativas e empresas integradoras paranaenses, que possuem uma estrutura financeira e administrativa mais robusta, e a partir da consolida\u00e7\u00e3o do Fundo, diversas outras cooperativas e integradoras poder\u00e3o ser atendidas.<\/p>\n\n\n\n<p>O acesso aos recursos pelos produtores rurais cooperados e integrados ser\u00e1 definido em uma segunda etapa e os crit\u00e9rios seguir\u00e3o o regramento definido pela Fomento Paran\u00e1 e pela Suno Asset. \u201c\u00c9 mais uma vertente de cr\u00e9dito que se abre para o agroneg\u00f3cio paraense com uma taxa de juros e formas de amortiza\u00e7\u00e3o muito atrativas, em que as cooperativas e integradoras tamb\u00e9m poder\u00e3o ganhar como investidoras do pr\u00f3prio fundo\u201d, pontuou o presidente da Fomento Paran\u00e1.<\/p>\n\n\n\n<p>Al\u00e9m dos investimentos serem feitos exclusivamente no Paran\u00e1 via cooperativas e integradoras, o regulamento do fundo tamb\u00e9m prev\u00ea que os produtos e servi\u00e7os a serem financiadas com recursos do fundo sejam prioritariamente adquiridos de empresas instaladas no Estado.<\/p>\n\n\n\n<p>\u201cA ideia principal \u00e9 que os implementos, m\u00e1quinas e equipamentos sejam preferencialmente produzidos no Paran\u00e1, criando um ciclo virtuoso de gera\u00e7\u00e3o de emprego, renda e aumento da arrecada\u00e7\u00e3o\u201d, argumentou o presidente da Fomento Paran\u00e1.<\/p>\n\n\n\n<p><strong>VOCA\u00c7\u00c3O&nbsp;<\/strong>\u2013 Uma das motiva\u00e7\u00f5es para a cria\u00e7\u00e3o do FIDC Agro Paran\u00e1 foi aproveitar o potencial das cooperativas paranaenses, que segundo o governador s\u00e3o um dos principais ativos econ\u00f4micos do Estado. Atualmente, h\u00e1 226 cooperativas atuantes no Paran\u00e1, das quais 16 figuram entre as 500 maiores empresas do Brasil e 11 entre as maiores cooperativas agroindustriais do mundo.<\/p>\n\n\n\n<p>Em 2024, as cooperativas paranaenses tiveram um faturamento de R$ 205,7 bilh\u00f5es, segundo dados do Sistema Ocepar. Com o aumento da produ\u00e7\u00e3o e o retorno dos investimentos agroindustriais feitos nos \u00faltimos anos, a expectativa \u00e9 que esta movimenta\u00e7\u00e3o chegue a R$ 300 bilh\u00f5es at\u00e9 2026 e a R$ 500 bilh\u00f5es em 2030.<\/p>\n\n\n\n<p><strong>PRESEN\u00c7AS&nbsp;<\/strong>\u2013 Tamb\u00e9m participaram do an\u00fancio na B3 o secret\u00e1rio estadual da Agricultura e do Abastecimento, M\u00e1rcio Nunes; o secret\u00e1rio de Comunica\u00e7\u00e3o, Cleber Mata; o diretor Administrativo do BRDE e ex-presidente da Fomento Paran\u00e1, Heraldo Neves; o presidente do Sistema Ocepar, Jos\u00e9 Roberto Ricken; os deputados federais Pedro Lupion e Arnaldo Jardim; e o Chief Information Officer (CIO) da Suno Asset, Vitor Duarte. Pela Fomento Paran\u00e1, estiveram presentes as diretoras Administrativa e Financeira, Mayara Puchalski, e Jur\u00eddica, Louise Garnica; os diretores de Opera\u00e7\u00f5es do Setor P\u00fablico, Mounir Chaowiche; Opera\u00e7\u00f5es do Setor Privado, Renato Ma\u00e7aneiro; e de Mercado, Vin\u00edcius Rocha.<\/p>\n\n\n\n<p>Fonte &#8211; AEN<\/p>\n","protected":false},"excerpt":{"rendered":"<p>O governador Carlos Massa Ratinho Junior lan\u00e7ou nesta quinta-feira (3) na B3, em S\u00e3o Paulo, um projeto in\u00e9dito no Brasil para o financiamento do agroneg\u00f3cio. O Fundo de Investimento em Direitos Credit\u00f3rios nas Cadeias Produtivas do Agro (FIDC Agro Paran\u00e1) \u00e9 o primeiro instrumento de cr\u00e9dito voltado ao agroneg\u00f3cio criado por um Estado e dever\u00e1 [&hellip;]<\/p>\n","protected":false},"author":2,"featured_media":4514,"comment_status":"open","ping_status":"open","sticky":false,"template":"","format":"standard","meta":{"_monsterinsights_skip_tracking":false,"_monsterinsights_sitenote_active":false,"_monsterinsights_sitenote_note":"","_monsterinsights_sitenote_category":0},"categories":[3,290],"tags":[],"_links":{"self":[{"href":"https:\/\/portaltvatosefatos.com.br\/index.php\/wp-json\/wp\/v2\/posts\/4513"}],"collection":[{"href":"https:\/\/portaltvatosefatos.com.br\/index.php\/wp-json\/wp\/v2\/posts"}],"about":[{"href":"https:\/\/portaltvatosefatos.com.br\/index.php\/wp-json\/wp\/v2\/types\/post"}],"author":[{"embeddable":true,"href":"https:\/\/portaltvatosefatos.com.br\/index.php\/wp-json\/wp\/v2\/users\/2"}],"replies":[{"embeddable":true,"href":"https:\/\/portaltvatosefatos.com.br\/index.php\/wp-json\/wp\/v2\/comments?post=4513"}],"version-history":[{"count":1,"href":"https:\/\/portaltvatosefatos.com.br\/index.php\/wp-json\/wp\/v2\/posts\/4513\/revisions"}],"predecessor-version":[{"id":4515,"href":"https:\/\/portaltvatosefatos.com.br\/index.php\/wp-json\/wp\/v2\/posts\/4513\/revisions\/4515"}],"wp:featuredmedia":[{"embeddable":true,"href":"https:\/\/portaltvatosefatos.com.br\/index.php\/wp-json\/wp\/v2\/media\/4514"}],"wp:attachment":[{"href":"https:\/\/portaltvatosefatos.com.br\/index.php\/wp-json\/wp\/v2\/media?parent=4513"}],"wp:term":[{"taxonomy":"category","embeddable":true,"href":"https:\/\/portaltvatosefatos.com.br\/index.php\/wp-json\/wp\/v2\/categories?post=4513"},{"taxonomy":"post_tag","embeddable":true,"href":"https:\/\/portaltvatosefatos.com.br\/index.php\/wp-json\/wp\/v2\/tags?post=4513"}],"curies":[{"name":"wp","href":"https:\/\/api.w.org\/{rel}","templated":true}]}}