{"id":5065,"date":"2025-06-22T19:34:29","date_gmt":"2025-06-22T22:34:29","guid":{"rendered":"https:\/\/portaltvatosefatos.com.br\/?p=5065"},"modified":"2025-06-22T19:34:30","modified_gmt":"2025-06-22T22:34:30","slug":"quase-73-mil-pessoas-deixaram-suas-casas-no-rs-por-causa-das-chuvas","status":"publish","type":"post","link":"https:\/\/portaltvatosefatos.com.br\/index.php\/2025\/06\/22\/quase-73-mil-pessoas-deixaram-suas-casas-no-rs-por-causa-das-chuvas\/","title":{"rendered":"Quase 7,3 mil pessoas deixaram suas casas no RS por causa das chuvas"},"content":{"rendered":"\n<p><strong>O grande volume de chuvas que causou&nbsp;estragos em diversas localidades do Rio Grande do Sul desalojou 5.958 pessoas at\u00e9 o momento.&nbsp;<\/strong>A informa\u00e7\u00e3o consta no boletim divulgado pelo governo estadual \u00e0s 9h&nbsp;deste domingo (22).<strong>&nbsp;Segundo o levantamento, h\u00e1 1.332 desabrigados no estado.<\/strong><img src=\"https:\/\/agenciabrasil.ebc.com.br\/ebc.png?id=1647922&amp;o=node\"><img src=\"https:\/\/agenciabrasil.ebc.com.br\/ebc.gif?id=1647922&amp;o=node\"><\/p>\n\n\n\n<p>\u00c9 considerado desalojado quem teve que deixar o local onde mora e se alojou temporariamente na casa de parentes ou amigos, hot\u00e9is ou pousadas. J\u00e1 os desabrigados s\u00e3o aqueles que precisaram ir para abrigos p\u00fablicos ou de institui\u00e7\u00f5es assistenciais.<\/p>\n\n\n\n<p><strong>De acordo com o&nbsp;novo relat\u00f3rio da Defesa Civil ga\u00facha, uma pessoa est\u00e1 desaparecida e outra ficou ferida. Tr\u00eas mortes foram confirmadas.<\/strong><\/p>\n\n\n\n<p>At\u00e9 o momento, o total de pessoas resgatadas pelas for\u00e7as de seguran\u00e7a do estado chega a 733. O&nbsp;governo contabiliza ainda 139 animais resgatados.<\/p>\n\n\n\n<p>O informe voltou a ser divulgado ap\u00f3s o in\u00edcio dos temporais da semana passada. Em maio e abril de 2024, com a ocorr\u00eancia de eventos clim\u00e1ticos extremos que causaram 183 mortes, deixaram desabrigados e provocaram danos em todo o estado, a frequ\u00eancia dos informes era de duas vezes ao dia.<\/p>\n\n\n\n<h2>&nbsp;<\/h2>\n\n\n\n<h2><strong>Munic\u00edpios<\/strong><\/h2>\n\n\n\n<p><strong>Ao todo, 126 munic\u00edpios sofrem preju\u00edzos pelas fortes chuvas.&nbsp;<\/strong>O munic\u00edpio de Jaguari, centro-oeste do Rio Grande do Sul, teve o estado de calamidade p\u00fablica reconhecido pelo governo.<\/p>\n\n\n\n<p>Vinte&nbsp;munic\u00edpios est\u00e3o em situa\u00e7\u00e3o de emerg\u00eancia:<\/p>\n\n\n\n<ol><li>Dona Francisca;<\/li><li>Cerro Branco;<\/li><li>Agudo;<\/li><li>Nova Palma;<\/li><li>Cruzeiro do Sul;<\/li><li>Passa Sete;<\/li><li>S\u00e3o Sebasti\u00e3o do Ca\u00ed;<\/li><li>Cacequi;<\/li><li>Ros\u00e1rio do Sul;<\/li><li>Tupanciret\u00e3;<\/li><li>Nova Santa Rita;<\/li><li>S\u00e3o Francisco de Assis;<\/li><li>Liberato Salzano;<\/li><li>Amaral Ferrador;<\/li><li>Toropi;<\/li><li>Montenegro;<\/li><li>Silveira Martins;<\/li><li>S\u00e3o Vicente do Sul;<\/li><li>J\u00falio de Castilhos;<\/li><li>Para\u00edso do Sul.<\/li><\/ol>\n\n\n\n<h2>&nbsp;<\/h2>\n\n\n\n<h2><strong>N\u00edvel dos rios e lagos<\/strong><\/h2>\n\n\n\n<p>A chuva deixou rios e lagos do Rio Grande do Sul em situa\u00e7\u00e3o de aten\u00e7\u00e3o, alguns inclusive atingindo cota de inunda\u00e7\u00e3o. S\u00e3o eles:<\/p>\n\n\n\n<ul><li>Uruguai (nos munic\u00edpios de S\u00e3o Borja a Uruguaiana) \u2013 tend\u00eancia de lenta eleva\u00e7\u00e3o;<\/li><li>Sinos \u2013 tend\u00eancia de lenta eleva\u00e7\u00e3o no munic\u00edpio de S\u00e3o Leopoldo e de estabilidade em Campo Bom;<\/li><li>Ibirapuit\u00e3 (Alegrete) \u2013 tend\u00eancia de lento decl\u00ednio;<\/li><li>Ibicu\u00ed (Manoel Viana) \u2013 tend\u00eancia de estabilidade;<\/li><li>Jacu\u00ed (Cachoeira do Sul at\u00e9 o delta do Jacu\u00ed) \u2013 decl\u00ednio entre Cachoeira do Sul e S\u00e3o Jer\u00f4nimo, e estabilidade na regi\u00e3o das ilhas da regi\u00e3o metropolitana de Porto Alegre.<\/li><li>Ilhas da regi\u00e3o metropolitana de Porto Alegre \u2013 n\u00edveis elevados e tend\u00eancia de estabilidade;<\/li><li>Ca\u00ed (Montenegro) \u2013 tend\u00eancia de decl\u00ednio.<\/li><\/ul>\n\n\n\n<p>Os rios com cota de inunda\u00e7\u00e3o em alerta s\u00e3o:<\/p>\n\n\n\n<ul><li>Gua\u00edba \u2013 n\u00edveis elevados durante os pr\u00f3ximos dias, n\u00e3o tem expectativa de atingir a cota de inunda\u00e7\u00e3o do Cais Mau\u00e1 ou Gas\u00f4metro, na capital do estado;<\/li><li>Santa Maria (Dom Pedrito) \u2013 tend\u00eancia de decl\u00ednio;<\/li><li>Ca\u00ed (S\u00e3o Sebasti\u00e3o do Ca\u00ed) \u2013 tend\u00eancia de decl\u00ednio;<\/li><li>Gravata\u00ed (Gravata\u00ed e Alvorada) \u2013 tend\u00eancia de estabilidade;<\/li><li>Taquari (Taquari) \u2013 tend\u00eancia de decl\u00ednio;<\/li><li>Paranhana (Taquara) \u2013 tend\u00eancia de lento decl\u00ednio.<\/li><\/ul>\n\n\n\n<p>O governo estadual ainda listou os rios em cota de inunda\u00e7\u00e3o no n\u00edvel de aten\u00e7\u00e3o:<\/p>\n\n\n\n<ul><li>Taquari (Bom Retiro do Sul a Porto Mariante) \u2013 tend\u00eancia de decl\u00ednio;<\/li><li>Ca\u00ed (Nova Palmira e Costa do Rio Cadeia) \u2013 tend\u00eancia de decl\u00ednio;<\/li><li>Santa Maria (Ros\u00e1rio do Sul) \u2013 tend\u00eancia de estabilidade;<\/li><li>Quara\u00ed \u2013 tend\u00eancia de decl\u00ednio.<\/li><\/ul>\n\n\n\n<p>O Rio Taquari, na regi\u00e3o que se estende de Santa Tereza a Estrela e Lajeado, come\u00e7a a retornar ao n\u00edvel de normalidade.<\/p>\n\n\n\n<p>A popula\u00e7\u00e3o local pode conferir a situa\u00e7\u00e3o dos rios e das barragens&nbsp;<a href=\"https:\/\/app.powerbi.com\/view?r=eyJrIjoiZDk3ZmEwZTgtNTJkMi00ZjM1LWE0YzQtMjQyYTI5OGExNWJmIiwidCI6IjE1ZGNkOTA5LThkYzAtNDBlOS1hMWU1LWNlY2IwNTNjZGQxYSJ9\" target=\"_blank\" rel=\"noreferrer noopener\">neste<em>&nbsp;link<\/em><\/a>.<\/p>\n\n\n\n<h2>&nbsp;<\/h2>\n\n\n\n<h2><strong>Rodovias<\/strong><\/h2>\n\n\n\n<p><strong>O estado tamb\u00e9m registra pontos com bloqueios parciais e de interdi\u00e7\u00e3o total nas estradas, por causa das chuvas, que provocam altera\u00e7\u00f5es no tr\u00e1fego de rodovias.<\/strong>&nbsp;Desde as enchentes do ano passado, o governo do estado disponibiliza um mapa&nbsp;<em>online<\/em>&nbsp;que re\u00fane dados em tempo real sobre a situa\u00e7\u00e3o das rodovias federais, estaduais e as concedidas.<\/p>\n\n\n\n<p>A ferramenta \u00e9 atualizada pelo Comando Rodovi\u00e1rio da Brigada Militar (CRBM), Pol\u00edcia Rodovi\u00e1ria Federal (PRF), pelo Departamento Aut\u00f4nomo de Estradas de Rodagem (Daer) e pela Empresa Ga\u00facha de Rodovias (EGR) pode ser acessada&nbsp;<a href=\"https:\/\/www.google.com\/maps\/d\/u\/0\/viewer?hl=pt-BR&amp;ll=-29.60592190052908%2C-52.97062362755731&amp;z=9&amp;mid=1ZlKA__gK8tH-WY6mbDeQzltsiwao7Q8\" target=\"_blank\" rel=\"noreferrer noopener\">aqui<\/a>.<\/p>\n\n\n\n<h2>&nbsp;<\/h2>\n\n\n\n<h2><strong>Hospitais<\/strong><\/h2>\n\n\n\n<p>Os moradores do munic\u00edpio de Para\u00edso do Sul ainda est\u00e3o sem acesso ao Hospital Para\u00edso, na Vila Para\u00edso (RS).<\/p>\n\n\n\n<p>Em Rolante, quatro pacientes transferidos da Funda\u00e7\u00e3o Hospitalar seguem internados no Hospital de Santo Ant\u00f4nio da Patrulha. A opera\u00e7\u00e3o dos demais hospitais do estado \u00e9 classificada como normal pelo governo do estado.<\/p>\n\n\n\n<h2>&nbsp;<\/h2>\n\n\n\n<h2><strong>Avisos<\/strong><\/h2>\n\n\n\n<p>Os interessados podem se cadastrar para receber&nbsp;os alertas meteorol\u00f3gicos da Defesa Civil estadual pelo WhatsApp (61) 2034-4611<\/p>\n\n\n\n<p>Tamb\u00e9m \u00e9 poss\u00edvel se cadastrar por SMS. Basta enviar para o n\u00famero 40199 o CEP&nbsp;da localidade sobre a qual deseja receber os avisos.&nbsp;Ap\u00f3s o envio de uma mensagem de confirma\u00e7\u00e3o, o usu\u00e1rio passa a receber as informa\u00e7\u00f5es sempre que forem divulgadas.<\/p>\n\n\n\n<p>O governo local tamb\u00e9m est\u00e1 com a Campanha do Agasalho 2025 em andamento, com foco na arrecada\u00e7\u00e3o de cobertores, mantas, len\u00e7\u00f3is e toalhas de banho. &nbsp;A popula\u00e7\u00e3o pode ajudar fam\u00edlias em situa\u00e7\u00e3o de vulnerabilidade doando em&nbsp;<a href=\"https:\/\/defesacivil.rs.gov.br\/campanha-do-agasalho-2025\" target=\"_blank\" rel=\"noreferrer noopener\">postos da Defesa Civil<\/a>.<\/p>\n\n\n\n<p><em>Fonte &#8211; Ag\u00eancia Brasil<\/em><\/p>\n","protected":false},"excerpt":{"rendered":"<p>O grande volume de chuvas que causou&nbsp;estragos em diversas localidades do Rio Grande do Sul desalojou 5.958 pessoas at\u00e9 o momento.&nbsp;A informa\u00e7\u00e3o consta no boletim divulgado pelo governo estadual \u00e0s 9h&nbsp;deste domingo (22).&nbsp;Segundo o levantamento, h\u00e1 1.332 desabrigados no estado. \u00c9 considerado desalojado quem teve que deixar o local onde mora e se alojou temporariamente [&hellip;]<\/p>\n","protected":false},"author":2,"featured_media":5066,"comment_status":"open","ping_status":"open","sticky":false,"template":"","format":"standard","meta":{"_monsterinsights_skip_tracking":false,"_monsterinsights_sitenote_active":false,"_monsterinsights_sitenote_note":"","_monsterinsights_sitenote_category":0},"categories":[289,3],"tags":[],"_links":{"self":[{"href":"https:\/\/portaltvatosefatos.com.br\/index.php\/wp-json\/wp\/v2\/posts\/5065"}],"collection":[{"href":"https:\/\/portaltvatosefatos.com.br\/index.php\/wp-json\/wp\/v2\/posts"}],"about":[{"href":"https:\/\/portaltvatosefatos.com.br\/index.php\/wp-json\/wp\/v2\/types\/post"}],"author":[{"embeddable":true,"href":"https:\/\/portaltvatosefatos.com.br\/index.php\/wp-json\/wp\/v2\/users\/2"}],"replies":[{"embeddable":true,"href":"https:\/\/portaltvatosefatos.com.br\/index.php\/wp-json\/wp\/v2\/comments?post=5065"}],"version-history":[{"count":1,"href":"https:\/\/portaltvatosefatos.com.br\/index.php\/wp-json\/wp\/v2\/posts\/5065\/revisions"}],"predecessor-version":[{"id":5067,"href":"https:\/\/portaltvatosefatos.com.br\/index.php\/wp-json\/wp\/v2\/posts\/5065\/revisions\/5067"}],"wp:featuredmedia":[{"embeddable":true,"href":"https:\/\/portaltvatosefatos.com.br\/index.php\/wp-json\/wp\/v2\/media\/5066"}],"wp:attachment":[{"href":"https:\/\/portaltvatosefatos.com.br\/index.php\/wp-json\/wp\/v2\/media?parent=5065"}],"wp:term":[{"taxonomy":"category","embeddable":true,"href":"https:\/\/portaltvatosefatos.com.br\/index.php\/wp-json\/wp\/v2\/categories?post=5065"},{"taxonomy":"post_tag","embeddable":true,"href":"https:\/\/portaltvatosefatos.com.br\/index.php\/wp-json\/wp\/v2\/tags?post=5065"}],"curies":[{"name":"wp","href":"https:\/\/api.w.org\/{rel}","templated":true}]}}