{"id":5322,"date":"2025-07-20T16:47:26","date_gmt":"2025-07-20T19:47:26","guid":{"rendered":"https:\/\/portaltvatosefatos.com.br\/?p=5322"},"modified":"2025-07-20T16:47:27","modified_gmt":"2025-07-20T19:47:27","slug":"contratacoes-de-trabalhadores-com-50-anos-ou-mais-crescem-17-no-parana-em-2025","status":"publish","type":"post","link":"https:\/\/portaltvatosefatos.com.br\/index.php\/2025\/07\/20\/contratacoes-de-trabalhadores-com-50-anos-ou-mais-crescem-17-no-parana-em-2025\/","title":{"rendered":"Contrata\u00e7\u00f5es de trabalhadores com 50 anos ou mais crescem 17% no Paran\u00e1 em 2025"},"content":{"rendered":"\n<p><strong>O Paran\u00e1 tem se consolidado como um dos principais motores da gera\u00e7\u00e3o de emprego formal no Brasil h\u00e1 alguns anos.<\/strong><\/p>\n\n\n\n<p>Um dos destaques recentes do mercado de trabalho paranaense \u00e9 o aumento significativo das contrata\u00e7\u00f5es de pessoas com 50 anos ou mais. De acordo com o Boletim do Novo Caged, elaborado pelo Minist\u00e9rio do Trabalho, entre janeiro e maio de 2025 foram criadas 1.481 vagas formais para trabalhadores desta faixa et\u00e1ria no Estado, representando um crescimento de 17% em rela\u00e7\u00e3o ao mesmo per\u00edodo de 2024, quando o saldo era de 1.256 vagas.<\/p>\n\n\n\n<p>Em rela\u00e7\u00e3o \u00e0s novas contrata\u00e7\u00f5es de 2025, a maioria dentro dessa faixa tem ensino m\u00e9dio completo. As \u00e1reas que mais empregaram trabalhadores com 50 anos ou mais foram produ\u00e7\u00e3o de bens e servi\u00e7os industriais, como ind\u00fastria extrativa e da constru\u00e7\u00e3o civil e transforma\u00e7\u00e3o de metais. Tamb\u00e9m h\u00e1 registros em vendedores do com\u00e9rcio e professores do ensino m\u00e9dio.<\/p>\n\n\n\n<p>Esse aumento refor\u00e7a a valoriza\u00e7\u00e3o da maturidade profissional. Cada vez mais, empresas est\u00e3o reconhecendo a import\u00e2ncia da experi\u00eancia e do conhecimento acumulado por esses trabalhadores, derrubando mitos sobre dificuldades de adapta\u00e7\u00e3o tecnol\u00f3gica. O Paran\u00e1 desponta como um dos estados mais engajados nesse processo de inclus\u00e3o et\u00e1ria.<\/p>\n\n\n\n<p>Para o secret\u00e1rio do Trabalho, Qualifica\u00e7\u00e3o e Renda do Paran\u00e1, Do Carmo, o avan\u00e7o \u00e9 resultado direto de pol\u00edticas p\u00fablicas bem direcionadas e da preocupa\u00e7\u00e3o com essa faixa et\u00e1ria.&nbsp;&#8220;Estamos mostrando que o conhecimento acumulado ao longo da vida \u00e9 um ativo precioso. Valorizar esses profissionais \u00e9 tamb\u00e9m garantir mais produtividade e estabilidade para as empresas&#8221;,&nbsp;destaca.<\/p>\n\n\n\n<p>Esse movimento de inclus\u00e3o et\u00e1ria acontece em um contexto de forte expans\u00e3o econ\u00f4mica no Estado. Em maio de 2025, o Paran\u00e1 registrou&nbsp;6.866 novas vagas com carteira assinada, sendo o melhor resultado da regi\u00e3o Sul. O saldo positivo decorre de 170.297 admiss\u00f5es e 163.431 desligamentos no m\u00eas. No acumulado do ano, o Paran\u00e1 j\u00e1 soma&nbsp;86.318 empregos formais, o&nbsp;<a href=\"https:\/\/www.parana.pr.gov.br\/aen\/Noticia\/Parana-foi-3o-estado-que-mais-gerou-postos-de-trabalho-de-janeiro-maio-84-mil-vagas\" target=\"_blank\" rel=\"noreferrer noopener\">terceiro melhor resultado do Pa\u00eds<\/a>, atr\u00e1s apenas de S\u00e3o Paulo (314.166) e Minas Gerais (124.182).<\/p>\n\n\n\n<p>O setor de servi\u00e7os foi o setor que apresentou o melhor resultado no acumulado de janeiro a maio de 2025, com 43.585 novos postos. Na sequ\u00eancia vem a ind\u00fastria (20.573), constru\u00e7\u00e3o (10.239), com\u00e9rcio (9.715) e&nbsp;agropecu\u00e1ria (2.206).<\/p>\n\n\n\n<p>A agropecu\u00e1ria foi o setor com maior crescimento proporcional, com um salto de 82% em compara\u00e7\u00e3o ao mesmo per\u00edodo de 2024. Esses dados demonstram a diversifica\u00e7\u00e3o da base produtiva do estado, que consegue gerar empregos de forma equilibrada e abrangente.<\/p>\n\n\n\n<p>Al\u00e9m disso, a atua\u00e7\u00e3o das ag\u00eancias do trabalhador tem contribu\u00eddo para suprir as necessidades do mercado. Atualmente, existem<a href=\"https:\/\/www.parana.pr.gov.br\/aen\/Noticia\/Do-estagio-ao-nivel-superior-Agencias-do-Trabalhador-tem-22-mil-vagas-disponiveis\" target=\"_blank\" rel=\"noreferrer noopener\">&nbsp;22.442 vagas abertas&nbsp;em todo o Paran\u00e1<\/a>. Cargos como&nbsp;alimentador de linha de produ\u00e7\u00e3o (6.435 vagas),&nbsp;abatedor (986),&nbsp;operador de caixa (699)&nbsp;e&nbsp;magarefe \u2013 cortador de carne (696)&nbsp;s\u00e3o os mais ofertados, com forte presen\u00e7a nas regi\u00f5es de Curitiba, Cascavel, Londrina e Maring\u00e1. As vagas refletem tanto a expans\u00e3o da ind\u00fastria quanto a manuten\u00e7\u00e3o da atividade no com\u00e9rcio e nos servi\u00e7os.<\/p>\n\n\n\n<p><strong>QUALIFICA\u00c7\u00c3O&nbsp;<\/strong>\u2013 Esse desempenho positivo n\u00e3o ocorre por acaso. As a\u00e7\u00f5es articuladas entre a Secretaria do Trabalho, Qualifica\u00e7\u00e3o e Renda e os demais entes p\u00fablicos e privados t\u00eam sido fundamentais. A intermedia\u00e7\u00e3o ativa de m\u00e3o de obra e est\u00edmulo a pol\u00edticas de diversidade contribuem para que grupos historicamente marginalizados como idosos, mulheres e jovens tenham vez e voz no mundo do trabalho.<\/p>\n\n\n\n<p>O Projeto Qualifica Paran\u00e1, no ano passado,&nbsp;passou a oferecer bolsa-aux\u00edlio com um aporte de R$ 16 milh\u00f5es do Tesouro Estadual e ofertou 8 mil vagas em 2024. J\u00e1 em 2025, o investimento no projeto chega a R$ 30 milh\u00f5es, ampliando ainda mais sua capilaridade e impacto em todo o Estado e at\u00e9 junho deste ano, mais de 3.500&nbsp;alunos j\u00e1 se formaram&nbsp;em diferentes cursos do projeto em todo o Paran\u00e1 \u2013 muitos desses no perfil de 50 anos ou mais.<\/p>\n\n\n\n<p>Para Do Carmo, a combina\u00e7\u00e3o entre a\u00e7\u00f5es concretas de qualifica\u00e7\u00e3o e abertura de vagas em setores estrat\u00e9gicos \u00e9 fundamental para esse avan\u00e7o. \u201cA disposi\u00e7\u00e3o empresarial em promover a diversidade est\u00e1 mudando o perfil do mercado de trabalho no estado. Com isso, a&nbsp;economia paranaense cresce, porque est\u00e1 mais inclusiva, mais representativa e melhor preparada para os desafios do presente e do futuro\u201d, resume.<\/p>\n\n\n\n<p> Fonte &#8211; AEN<\/p>\n","protected":false},"excerpt":{"rendered":"<p>O Paran\u00e1 tem se consolidado como um dos principais motores da gera\u00e7\u00e3o de emprego formal no Brasil h\u00e1 alguns anos. Um dos destaques recentes do mercado de trabalho paranaense \u00e9 o aumento significativo das contrata\u00e7\u00f5es de pessoas com 50 anos ou mais. De acordo com o Boletim do Novo Caged, elaborado pelo Minist\u00e9rio do Trabalho, [&hellip;]<\/p>\n","protected":false},"author":2,"featured_media":5323,"comment_status":"open","ping_status":"open","sticky":false,"template":"","format":"standard","meta":{"_monsterinsights_skip_tracking":false,"_monsterinsights_sitenote_active":false,"_monsterinsights_sitenote_note":"","_monsterinsights_sitenote_category":0},"categories":[3,290],"tags":[],"_links":{"self":[{"href":"https:\/\/portaltvatosefatos.com.br\/index.php\/wp-json\/wp\/v2\/posts\/5322"}],"collection":[{"href":"https:\/\/portaltvatosefatos.com.br\/index.php\/wp-json\/wp\/v2\/posts"}],"about":[{"href":"https:\/\/portaltvatosefatos.com.br\/index.php\/wp-json\/wp\/v2\/types\/post"}],"author":[{"embeddable":true,"href":"https:\/\/portaltvatosefatos.com.br\/index.php\/wp-json\/wp\/v2\/users\/2"}],"replies":[{"embeddable":true,"href":"https:\/\/portaltvatosefatos.com.br\/index.php\/wp-json\/wp\/v2\/comments?post=5322"}],"version-history":[{"count":1,"href":"https:\/\/portaltvatosefatos.com.br\/index.php\/wp-json\/wp\/v2\/posts\/5322\/revisions"}],"predecessor-version":[{"id":5324,"href":"https:\/\/portaltvatosefatos.com.br\/index.php\/wp-json\/wp\/v2\/posts\/5322\/revisions\/5324"}],"wp:featuredmedia":[{"embeddable":true,"href":"https:\/\/portaltvatosefatos.com.br\/index.php\/wp-json\/wp\/v2\/media\/5323"}],"wp:attachment":[{"href":"https:\/\/portaltvatosefatos.com.br\/index.php\/wp-json\/wp\/v2\/media?parent=5322"}],"wp:term":[{"taxonomy":"category","embeddable":true,"href":"https:\/\/portaltvatosefatos.com.br\/index.php\/wp-json\/wp\/v2\/categories?post=5322"},{"taxonomy":"post_tag","embeddable":true,"href":"https:\/\/portaltvatosefatos.com.br\/index.php\/wp-json\/wp\/v2\/tags?post=5322"}],"curies":[{"name":"wp","href":"https:\/\/api.w.org\/{rel}","templated":true}]}}