{"id":5800,"date":"2025-11-11T11:32:43","date_gmt":"2025-11-11T14:32:43","guid":{"rendered":"https:\/\/portaltvatosefatos.com.br\/?p=5800"},"modified":"2025-11-11T11:32:43","modified_gmt":"2025-11-11T14:32:43","slug":"sobe-para-sete-o-numero-de-mortes-apos-a-passagem-de-tornados-no-parana","status":"publish","type":"post","link":"https:\/\/portaltvatosefatos.com.br\/index.php\/2025\/11\/11\/sobe-para-sete-o-numero-de-mortes-apos-a-passagem-de-tornados-no-parana\/","title":{"rendered":"Sobe para sete o n\u00famero de mortes ap\u00f3s a passagem de tornados no Paran\u00e1"},"content":{"rendered":"\n<p><strong>Subiu para sete o n\u00famero de mortes ap\u00f3s a passagem dos tornados pelo Paran\u00e1, na \u00faltima sexta-feira (7 de Novembro). A v\u00edtima \u00e9 Jos\u00e9 Eronides de Almeida, de 70 anos, que faleceu no s\u00e1bado pela manh\u00e3 na Unidade de Sa\u00fade Central, ap\u00f3s sofrer uma insufici\u00eancia card\u00edaca aguda.<\/strong><\/p>\n\n\n\n<p>O idoso&nbsp;n\u00e3o chegou a ser encaminhado para o sistema regulado. A situa\u00e7\u00e3o foi informada pelo munic\u00edpio de Rio Bonito do Igua\u00e7u e enquadrada como&nbsp;<strong>estresse p\u00f3s-trauma<\/strong>&nbsp;no contexto do tornado. Agora esse \u00f3bito consta no balan\u00e7o oficial do atendimento na cidade.<\/p>\n\n\n\n<p>At\u00e9 o momento s\u00e3o sete mortes confirmadas no Paran\u00e1: seis em Rio Bonito do Igua\u00e7u e uma em Guarapuava.<\/p>\n\n\n\n<p>Dos 835 atendimentos em decorr\u00eancia direta do desastre, 20 pessoas seguem internadas.<\/p>\n\n\n\n<p>Dos internamentos, 11 est\u00e3o em Guarapuava: 4 no Hospital S\u00e3o Vicente de Paulo e 7 no Hospital Santa Tereza. Outros 6 pacientes est\u00e3o em Laranjeiras do Sul: 3 no Hospital S\u00e3o Lucas e 3 no Instituto S\u00e3o Jos\u00e9. No Hospital Universit\u00e1rio de Cascavel permanecem 3 pessoas.<\/p>\n\n\n\n<p><strong>DESTRUI\u00c7\u00c3O EM RIO BONITO DO IGUA\u00c7U<\/strong><\/p>\n\n\n\n<p>O tornado n\u00edvel F-3 que passou pelo Paran\u00e1 deixou rastros de destrui\u00e7\u00e3o em Rio Bonito do Igua\u00e7u, no in\u00edcio da noite de sexta-feira (7).<\/p>\n\n\n\n<p>Ventos intensos provocaram grandes estragos: casas e estabelecimento destru\u00eddos, \u00e1rvores ca\u00eddas e muitas fam\u00edlias desabrigadas.<\/p>\n\n\n\n<p>A cidade tem cerca de 14 mil habitantes. Fica localizada a 380 Km de Curitiba e 161 Km de Cascavel, no Centro-Sul do Paran\u00e1.<\/p>\n\n\n\n<p><strong>TORNADOS ATINGIRAM QUATROS CIDADES DO PARAN\u00c1<\/strong><\/p>\n\n\n\n<p>Foram registrados tr\u00eas tornados que atingiram quatro cidades. O que passou por Rio Bonito do Igua\u00e7u tamb\u00e9m atingiu a cidade de Porto Barreiro.<\/p>\n\n\n\n<p>Segundo o meteorologista, a intensidade no munic\u00edpio foi menor com escala de ventos inferiores a 200km\/h. As rajadas provocaram v\u00e1rios estragos tamb\u00e9m na \u00e1rea rural.<\/p>\n\n\n\n<p>As cidades afetadas pelos tornados foram: Rio Bonito do Igua\u00e7u com uma tempestade supercelular provocando danos significativos na \u00e1rea urbana. Foi um tornado de categoria F3 na escala Fujita, com ventos estimados entre 300 km\/h e 330 km\/h.<\/p>\n\n\n\n<p>Na sequ\u00eancia, outras duas tempestades severas tamb\u00e9m geraram tornados: uma em Guarapuava, especialmente na regi\u00e3o do distrito de Entre Rios, classificada como F2, com ventos pr\u00f3ximos de 250 km\/h; e outra em Turvo, ao sul da \u00e1rea urbana central, tamb\u00e9m classificada como F2, com ventos ao redor de 200 km\/h.<\/p>\n\n\n\n<p><strong>RECONSTRU\u00c7\u00c3O<\/strong><\/p>\n\n\n\n<p>Os trabalhos de limpeza e reconstru\u00e7\u00e3o iniciaram logo ap\u00f3s o desastre. Na segunda-feira (10) foi anunciada a constru\u00e7\u00e3o de 320 novas casas, com investimento de R$ 60 milh\u00f5es.<\/p>\n\n\n\n<p>Elas ser\u00e3o produzidas por uma empresa paranaense especializada em constru\u00e7\u00f5es r\u00e1pidas no modelo off-site, com montagem industrializada.<\/p>\n\n\n\n<p>Al\u00e9m das moradias, o governo vai apoiar reformas em im\u00f3veis danificados, com repasses de at\u00e9 R$ 50 mil por fam\u00edlia, conforme os levantamentos sociais em andamento.<\/p>\n\n\n\n<p>Na educa\u00e7\u00e3o os focos s\u00e3o priorizar o Col\u00e9gio Estadual Ludovica Safraider, um dos mais impactados, al\u00e9m de retomar as aulas de forma gradual.<\/p>\n\n\n\n<p>Tamb\u00e9m ser\u00e1 ofertado atendimento psicol\u00f3gico aos estudantes e fam\u00edlias, com refor\u00e7o da equipe de 200 psic\u00f3logos da rede estadual.<\/p>\n\n\n\n<p>No \u00e2mbito da sa\u00fade o objetivo \u00e9 garantir a continuidade dos atendimentos e o abastecimento de medicamentos para a popula\u00e7\u00e3o afetada pelo desastre.<\/p>\n\n\n\n<p>A Assist\u00eancia Social coordena o abrigo instalado em Laranjeiras do Sul e conduz o trabalho de cadastramento das fam\u00edlias atingidas no munic\u00edpio, realizado no abrigo.<\/p>\n\n\n\n<p>Fonte- Catve<\/p>\n","protected":false},"excerpt":{"rendered":"<p>Subiu para sete o n\u00famero de mortes ap\u00f3s a passagem dos tornados pelo Paran\u00e1, na \u00faltima sexta-feira (7 de Novembro). A v\u00edtima \u00e9 Jos\u00e9 Eronides de Almeida, de 70 anos, que faleceu no s\u00e1bado pela manh\u00e3 na Unidade de Sa\u00fade Central, ap\u00f3s sofrer uma insufici\u00eancia card\u00edaca aguda. O idoso&nbsp;n\u00e3o chegou a ser encaminhado para o [&hellip;]<\/p>\n","protected":false},"author":2,"featured_media":5801,"comment_status":"open","ping_status":"open","sticky":false,"template":"","format":"standard","meta":{"_monsterinsights_skip_tracking":false,"_monsterinsights_sitenote_active":false,"_monsterinsights_sitenote_note":"","_monsterinsights_sitenote_category":0},"categories":[3,290],"tags":[],"_links":{"self":[{"href":"https:\/\/portaltvatosefatos.com.br\/index.php\/wp-json\/wp\/v2\/posts\/5800"}],"collection":[{"href":"https:\/\/portaltvatosefatos.com.br\/index.php\/wp-json\/wp\/v2\/posts"}],"about":[{"href":"https:\/\/portaltvatosefatos.com.br\/index.php\/wp-json\/wp\/v2\/types\/post"}],"author":[{"embeddable":true,"href":"https:\/\/portaltvatosefatos.com.br\/index.php\/wp-json\/wp\/v2\/users\/2"}],"replies":[{"embeddable":true,"href":"https:\/\/portaltvatosefatos.com.br\/index.php\/wp-json\/wp\/v2\/comments?post=5800"}],"version-history":[{"count":1,"href":"https:\/\/portaltvatosefatos.com.br\/index.php\/wp-json\/wp\/v2\/posts\/5800\/revisions"}],"predecessor-version":[{"id":5802,"href":"https:\/\/portaltvatosefatos.com.br\/index.php\/wp-json\/wp\/v2\/posts\/5800\/revisions\/5802"}],"wp:featuredmedia":[{"embeddable":true,"href":"https:\/\/portaltvatosefatos.com.br\/index.php\/wp-json\/wp\/v2\/media\/5801"}],"wp:attachment":[{"href":"https:\/\/portaltvatosefatos.com.br\/index.php\/wp-json\/wp\/v2\/media?parent=5800"}],"wp:term":[{"taxonomy":"category","embeddable":true,"href":"https:\/\/portaltvatosefatos.com.br\/index.php\/wp-json\/wp\/v2\/categories?post=5800"},{"taxonomy":"post_tag","embeddable":true,"href":"https:\/\/portaltvatosefatos.com.br\/index.php\/wp-json\/wp\/v2\/tags?post=5800"}],"curies":[{"name":"wp","href":"https:\/\/api.w.org\/{rel}","templated":true}]}}