{"id":5803,"date":"2025-11-11T11:38:53","date_gmt":"2025-11-11T14:38:53","guid":{"rendered":"https:\/\/portaltvatosefatos.com.br\/?p=5803"},"modified":"2025-11-11T11:38:54","modified_gmt":"2025-11-11T14:38:54","slug":"governo-prorroga-ate-2026-prazo-para-pedido-de-ressarcimento-do-inss","status":"publish","type":"post","link":"https:\/\/portaltvatosefatos.com.br\/index.php\/2025\/11\/11\/governo-prorroga-ate-2026-prazo-para-pedido-de-ressarcimento-do-inss\/","title":{"rendered":"Governo prorroga at\u00e9 2026 prazo para pedido de ressarcimento do INSS"},"content":{"rendered":"\n<p>O&nbsp;<strong>governo federal decidiu prorrogar at\u00e9 14 de fevereiro de 2026 o prazo para que aposentados e pensionistas possam solicitar o ressarcimento de valores descontados&nbsp;<\/strong>indevidamente de seus benef\u00edcios do Instituto Nacional do Seguro Social (INSS). O an\u00fancio foi feito nesta segunda-feira (10) pelo deputado Paulo Pimenta (PT-RS), durante sess\u00e3o da Comiss\u00e3o Parlamentar Mista de Inqu\u00e9rito (CPMI) do INSS.<img src=\"https:\/\/agenciabrasil.ebc.com.br\/ebc.png?id=1667050&amp;o=node\"><img src=\"https:\/\/agenciabrasil.ebc.com.br\/ebc.gif?id=1667050&amp;o=node\"><\/p>\n\n\n\n<p>O&nbsp;<a href=\"http:\/\/https\/\/agenciabrasil.ebc.com.br\/geral\/noticia\/2025-11\/prazo-para-contestar-descontos-indevidos-do-inss-termina-dia-14\" target=\"_blank\" rel=\"noreferrer noopener\"><strong>prazo original se encerraria em&nbsp;14 de novembro<\/strong><\/a>. No entanto, segundo Pimenta, o Minist\u00e9rio da Previd\u00eancia Social decidiu ampliar o per\u00edodo para garantir que todos os afetados possam registrar seus pedidos. A decis\u00e3o ser\u00e1 oficializada nesta ter\u00e7a-feira (11) pelo ministro Wolney Queiroz.<\/p>\n\n\n\n<p>De acordo com o parlamentar,&nbsp;<strong>cerca de 3,7 milh\u00f5es de benefici\u00e1rios j\u00e1 foram ressarcidos, em valores que somam R$ 2,5 bilh\u00f5es<\/strong>. O governo estima, no entanto, que ainda&nbsp;<strong>existam 4,8 milh\u00f5es de aposentados e pensionistas aptos a solicitar a devolu\u00e7\u00e3o<\/strong>.<\/p>\n\n\n\n<p>O esquema de descontos indevidos foi revelado pela Opera\u00e7\u00e3o Sem Desconto, deflagrada pela Pol\u00edcia Federal e pela Controladoria-Geral da Uni\u00e3o (CGU), que identificou fraudes em Acordos de Coopera\u00e7\u00e3o T\u00e9cnica (ACTs) firmados entre o INSS e entidades associativas. As investiga\u00e7\u00f5es levaram ao afastamento de parte da c\u00fapula do instituto em abril.<\/p>\n\n\n\n<p>Segundo Pimenta, muitos aposentados ainda desconhecem que foram v\u00edtimas das cobran\u00e7as.<\/p>\n\n\n\n<blockquote class=\"wp-block-quote\"><p>\u201cTemos que fazer um esfor\u00e7o de esclarecimento, porque muitos aposentados n\u00e3o perceberam que foram roubados\u201d, afirmou.<\/p><\/blockquote>\n\n\n\n<p>A prorroga\u00e7\u00e3o, completou Pimenta, busca assegurar que todos os lesados pelo esquema possam recuperar os valores de forma simplificada e sem necessidade de a\u00e7\u00e3o judicial.<\/p>\n\n\n\n<h2>Como pedir a devolu\u00e7\u00e3o<\/h2>\n\n\n\n<p>Os benefici\u00e1rios podem abrir pedidos de ressarcimento pelos canais oficiais do INSS:<\/p>\n\n\n\n<ul><li>Aplicativo ou site Meu INSS, com login no Portal Gov.br;<\/li><li>Telefone 135, com atendimento gratuito de segunda a s\u00e1bado, das 7h \u00e0s 22h;<\/li><li>Ag\u00eancias dos Correios, que oferecem suporte gratuito em mais de 5 mil unidades.<\/li><\/ul>\n\n\n\n<h2>Depoimento<\/h2>\n\n\n\n<p>Nesta segunda, a CPMI do INSS ouv&nbsp;o empres\u00e1rio Igor Dias Delecrode, dirigente da Associa\u00e7\u00e3o de Amparo Social do Aposentado e Pensionista (AASAP). A entidade \u00e9 investigada por suspeita de ter criado um sistema pr\u00f3prio de biometria para fraudar a assinatura de segurados do INSS e pedir descontos indevidos em nome deles.<\/p>\n\n\n\n<p>Munido de um&nbsp;<em>habeas corpus<\/em>&nbsp;concedido pelo Supremo Tribunal Federal (STF), Delecrode ficou em sil\u00eancio na maior parte dos questionamentos dos membros da CPMI.<\/p>\n\n\n\n<p>Fonte &#8211; Ag\u00eancia Brasil<\/p>\n","protected":false},"excerpt":{"rendered":"<p>O&nbsp;governo federal decidiu prorrogar at\u00e9 14 de fevereiro de 2026 o prazo para que aposentados e pensionistas possam solicitar o ressarcimento de valores descontados&nbsp;indevidamente de seus benef\u00edcios do Instituto Nacional do Seguro Social (INSS). O an\u00fancio foi feito nesta segunda-feira (10) pelo deputado Paulo Pimenta (PT-RS), durante sess\u00e3o da Comiss\u00e3o Parlamentar Mista de Inqu\u00e9rito (CPMI) [&hellip;]<\/p>\n","protected":false},"author":2,"featured_media":5804,"comment_status":"open","ping_status":"open","sticky":false,"template":"","format":"standard","meta":{"_monsterinsights_skip_tracking":false,"_monsterinsights_sitenote_active":false,"_monsterinsights_sitenote_note":"","_monsterinsights_sitenote_category":0},"categories":[289,3],"tags":[],"_links":{"self":[{"href":"https:\/\/portaltvatosefatos.com.br\/index.php\/wp-json\/wp\/v2\/posts\/5803"}],"collection":[{"href":"https:\/\/portaltvatosefatos.com.br\/index.php\/wp-json\/wp\/v2\/posts"}],"about":[{"href":"https:\/\/portaltvatosefatos.com.br\/index.php\/wp-json\/wp\/v2\/types\/post"}],"author":[{"embeddable":true,"href":"https:\/\/portaltvatosefatos.com.br\/index.php\/wp-json\/wp\/v2\/users\/2"}],"replies":[{"embeddable":true,"href":"https:\/\/portaltvatosefatos.com.br\/index.php\/wp-json\/wp\/v2\/comments?post=5803"}],"version-history":[{"count":1,"href":"https:\/\/portaltvatosefatos.com.br\/index.php\/wp-json\/wp\/v2\/posts\/5803\/revisions"}],"predecessor-version":[{"id":5805,"href":"https:\/\/portaltvatosefatos.com.br\/index.php\/wp-json\/wp\/v2\/posts\/5803\/revisions\/5805"}],"wp:featuredmedia":[{"embeddable":true,"href":"https:\/\/portaltvatosefatos.com.br\/index.php\/wp-json\/wp\/v2\/media\/5804"}],"wp:attachment":[{"href":"https:\/\/portaltvatosefatos.com.br\/index.php\/wp-json\/wp\/v2\/media?parent=5803"}],"wp:term":[{"taxonomy":"category","embeddable":true,"href":"https:\/\/portaltvatosefatos.com.br\/index.php\/wp-json\/wp\/v2\/categories?post=5803"},{"taxonomy":"post_tag","embeddable":true,"href":"https:\/\/portaltvatosefatos.com.br\/index.php\/wp-json\/wp\/v2\/tags?post=5803"}],"curies":[{"name":"wp","href":"https:\/\/api.w.org\/{rel}","templated":true}]}}