{"id":6049,"date":"2026-01-26T06:26:25","date_gmt":"2026-01-26T09:26:25","guid":{"rendered":"https:\/\/portaltvatosefatos.com.br\/?p=6049"},"modified":"2026-01-26T06:26:26","modified_gmt":"2026-01-26T09:26:26","slug":"parana-embarca-40-estudantes-da-rede-estadual-para-intercambio-na-nova-zelandia","status":"publish","type":"post","link":"https:\/\/portaltvatosefatos.com.br\/index.php\/2026\/01\/26\/parana-embarca-40-estudantes-da-rede-estadual-para-intercambio-na-nova-zelandia\/","title":{"rendered":"Paran\u00e1 embarca 40 estudantes da rede estadual para interc\u00e2mbio na Nova Zel\u00e2ndia"},"content":{"rendered":"\n<p><strong>A iniciativa, coordenada pela Secretaria de Estado da Educa\u00e7\u00e3o (Seed-PR), oferece a estudantes do Ensino M\u00e9dio a oportunidade de vivenciar uma experi\u00eancia educacional e cultural no exterior, com todas as despesas custeadas pelo Estado.<\/strong><\/p>\n\n\n\n<p>O Governo do Paran\u00e1 embarcou neste s\u00e1bado (24) 40 estudantes da rede estadual de ensino para interc\u00e2mbio internacional para a Nova Zel\u00e2ndia por meio do programa Ganhando o Mundo, onde permanecer\u00e3o por um semestre letivo.<\/p>\n\n\n\n<p>A iniciativa, coordenada pela Secretaria de Estado da Educa\u00e7\u00e3o (Seed-PR), oferece a estudantes do Ensino M\u00e9dio a oportunidade de vivenciar uma experi\u00eancia educacional e cultural no exterior, com todas as despesas custeadas pelo Estado.<\/p>\n\n\n\n<p>Segundo Roni Miranda, secret\u00e1rio da Educa\u00e7\u00e3o, a iniciativa vai al\u00e9m do interc\u00e2mbio, ao promover inclus\u00e3o, protagonismo juvenil e novas perspectivas de futuro para os participantes.\u201cO Ganhando o Mundo \u00e9 uma pol\u00edtica p\u00fablica que transforma vidas e amplia horizontes. Cada estudante que embarca carrega consigo o esfor\u00e7o pessoal, o apoio da fam\u00edlia e o investimento do Paran\u00e1 em uma educa\u00e7\u00e3o p\u00fablica de qualidade e inclusiva\u201d, disse.<\/p>\n\n\n\n<p><strong>EM FAM\u00cdLIA<\/strong>&nbsp;\u2013 Entre os intercambistas est\u00e1 o estudante Matheus Meira, 15 anos, de Tel\u00eamaco Borba. Para ele, a sele\u00e7\u00e3o representa a realiza\u00e7\u00e3o de um sonho e traz uma mistura de sentimentos. \u201cSinto muita felicidade pela conquista, nervosismo pela experi\u00eancia no Exterior, ansiedade pelo futuro e entusiasmo pelos aprendizados\u201d, afirma.<\/p>\n\n\n\n<ul><li><strong><a href=\"https:\/\/www.parana.pr.gov.br\/aen\/Noticia\/Estado-envia-escolas-1a-remessa-de-alimentos-do-ano-com-46-mil-toneladas\" target=\"_blank\" rel=\"noreferrer noopener\">Estado envia \u00e0s escolas 1\u00aa remessa de alimentos do ano com 4,6 mil toneladas<\/a><\/strong><\/li><\/ul>\n\n\n\n<p>Em 2022, quem vivenciou essa transforma\u00e7\u00e3o foi a irm\u00e3 dele, Thayse Meira, 19 anos. Cadeirante e atualmente estudante de Direito, ela participou do programa Ganhando o Mundo no mesmo pa\u00eds, acompanhada da m\u00e3e. A experi\u00eancia representou um marco em sua trajet\u00f3ria, ampliando horizontes acad\u00eamicos e culturais e refor\u00e7ando, na pr\u00e1tica, valores como autonomia, inclus\u00e3o e supera\u00e7\u00e3o. \u201cVoltei mais independente, confiante e preparada para novos desafios. Conheci uma nova cultura, fiz amizades com pessoas de diferentes pa\u00edses e ampliei minha vis\u00e3o de mundo\u201d, afirma.<\/p>\n\n\n\n<p>A experi\u00eancia internacional representa um marco na trajet\u00f3ria da fam\u00edlia e refor\u00e7a como a educa\u00e7\u00e3o pode abrir novos caminhos. Para a m\u00e3e, Tatiana Meira, o novo embarque \u00e9 uma certeza de que, como fam\u00edlia, est\u00e3o no caminho certo. \u201cReceber a not\u00edcia de que mais um filho conquistou uma vaga no Ganhando do Mundo \u00e9 uma mistura de orgulho, emo\u00e7\u00e3o e gratid\u00e3o. \u00c9 a certeza de que todo o esfor\u00e7o, o apoio e o incentivo que n\u00f3s demos valeu a pena e que ele est\u00e1 preparado para essa oportunidade incr\u00edvel\u201d.<\/p>\n\n\n\n<p><strong>GANHANDO O MUNDO<\/strong>&nbsp;\u2013 Criado em 2022, o Ganhando o Mundo consolidou-se como a maior iniciativa p\u00fablica de interc\u00e2mbio da Am\u00e9rica do Sul. O programa permite que estudantes de 15 a 18 anos da rede estadual cursem um semestre letivo em pa\u00edses de l\u00edngua inglesa, com todas as despesas custeadas pela Seed-PR.<\/p>\n\n\n\n<ul><li><strong><a href=\"https:\/\/www.parana.pr.gov.br\/aen\/Noticia\/Parana-leva-programa-Parceiro-da-Escola-para-evento-de-politicas-publicas-na-Europa\" target=\"_blank\" rel=\"noreferrer noopener\">Paran\u00e1 leva programa Parceiro da Escola para evento de pol\u00edticas p\u00fablicas na Europa<\/a><\/strong><\/li><\/ul>\n\n\n\n<p>O pacote de apoio inclui alimenta\u00e7\u00e3o, hospedagem, transporte interno, emiss\u00e3o de passaporte e vistos, passagens a\u00e9reas, exames m\u00e9dicos, vacinas, seguro-viagem, matr\u00edcula e mensalidade na escola estrangeira, al\u00e9m de material did\u00e1tico, uniforme e documenta\u00e7\u00e3o acad\u00eamica.<\/p>\n\n\n\n<p>O acompanhamento segue ap\u00f3s o retorno ao Brasil. Os intercambistas desenvolvem projetos interdisciplinares em suas escolas de origem, permitindo que as experi\u00eancias adquiridas no exterior se multipliquem e alcancem toda a comunidade escolar.<\/p>\n\n\n\n<p><\/p>\n\n\n\n<p>Fonte &#8211; AEN<\/p>\n","protected":false},"excerpt":{"rendered":"<p>A iniciativa, coordenada pela Secretaria de Estado da Educa\u00e7\u00e3o (Seed-PR), oferece a estudantes do Ensino M\u00e9dio a oportunidade de vivenciar uma experi\u00eancia educacional e cultural no exterior, com todas as despesas custeadas pelo Estado. O Governo do Paran\u00e1 embarcou neste s\u00e1bado (24) 40 estudantes da rede estadual de ensino para interc\u00e2mbio internacional para a Nova [&hellip;]<\/p>\n","protected":false},"author":2,"featured_media":6050,"comment_status":"open","ping_status":"open","sticky":false,"template":"","format":"standard","meta":{"_monsterinsights_skip_tracking":false,"_monsterinsights_sitenote_active":false,"_monsterinsights_sitenote_note":"","_monsterinsights_sitenote_category":0},"categories":[3,290],"tags":[],"_links":{"self":[{"href":"https:\/\/portaltvatosefatos.com.br\/index.php\/wp-json\/wp\/v2\/posts\/6049"}],"collection":[{"href":"https:\/\/portaltvatosefatos.com.br\/index.php\/wp-json\/wp\/v2\/posts"}],"about":[{"href":"https:\/\/portaltvatosefatos.com.br\/index.php\/wp-json\/wp\/v2\/types\/post"}],"author":[{"embeddable":true,"href":"https:\/\/portaltvatosefatos.com.br\/index.php\/wp-json\/wp\/v2\/users\/2"}],"replies":[{"embeddable":true,"href":"https:\/\/portaltvatosefatos.com.br\/index.php\/wp-json\/wp\/v2\/comments?post=6049"}],"version-history":[{"count":1,"href":"https:\/\/portaltvatosefatos.com.br\/index.php\/wp-json\/wp\/v2\/posts\/6049\/revisions"}],"predecessor-version":[{"id":6051,"href":"https:\/\/portaltvatosefatos.com.br\/index.php\/wp-json\/wp\/v2\/posts\/6049\/revisions\/6051"}],"wp:featuredmedia":[{"embeddable":true,"href":"https:\/\/portaltvatosefatos.com.br\/index.php\/wp-json\/wp\/v2\/media\/6050"}],"wp:attachment":[{"href":"https:\/\/portaltvatosefatos.com.br\/index.php\/wp-json\/wp\/v2\/media?parent=6049"}],"wp:term":[{"taxonomy":"category","embeddable":true,"href":"https:\/\/portaltvatosefatos.com.br\/index.php\/wp-json\/wp\/v2\/categories?post=6049"},{"taxonomy":"post_tag","embeddable":true,"href":"https:\/\/portaltvatosefatos.com.br\/index.php\/wp-json\/wp\/v2\/tags?post=6049"}],"curies":[{"name":"wp","href":"https:\/\/api.w.org\/{rel}","templated":true}]}}