{"id":6218,"date":"2026-03-09T06:24:20","date_gmt":"2026-03-09T09:24:20","guid":{"rendered":"https:\/\/portaltvatosefatos.com.br\/?p=6218"},"modified":"2026-03-09T06:24:22","modified_gmt":"2026-03-09T09:24:22","slug":"ganhando-o-mundo-leva-100-diretores-para-intercambio-educacional-no-chile","status":"publish","type":"post","link":"https:\/\/portaltvatosefatos.com.br\/index.php\/2026\/03\/09\/ganhando-o-mundo-leva-100-diretores-para-intercambio-educacional-no-chile\/","title":{"rendered":"Ganhando o Mundo leva 100 diretores para interc\u00e2mbio educacional no Chile"},"content":{"rendered":"\n<p><strong>A viagem marcou o in\u00edcio da experi\u00eancia internacional voltada \u00e0 forma\u00e7\u00e3o de diretores escolares, com atividades voltadas ao interc\u00e2mbio de pr\u00e1ticas educacionais. Representantes de 27 N\u00facleos Regionais de Educa\u00e7\u00e3o (NRE) participaram da iniciativa<\/strong><\/p>\n\n\n\n<p>Ap\u00f3s as edi\u00e7\u00f5es dos alunos e dos professores, chegou a vez dos gestores. O sagu\u00e3o de embarque internacional do Aeroporto Afonso Pena, em Curitiba, foi ocupado por 100 diretores da rede estadual que seguiram nesta manh\u00e3 de s\u00e1bado (6) rumo a Santiago, capital chilena. A viagem marcou o in\u00edcio do programa Ganhando o Mundo Diretores &#8211; experi\u00eancia internacional voltada \u00e0 forma\u00e7\u00e3o de diretores escolares, com atividades voltadas ao interc\u00e2mbio de pr\u00e1ticas educacionais.<\/p>\n\n\n\n<p>Representantes de 27 N\u00facleos Regionais de Educa\u00e7\u00e3o (NRE) participaram da iniciativa que ter\u00e1 a dura\u00e7\u00e3o de duas semanas. Entre eles estava o professor David de Oliveira, diretor do Col\u00e9gio Estadual Jos\u00e9 de Anchieta, de Quedas do Igua\u00e7u. Para o gestor, a experi\u00eancia gera previs\u00f5es positivas para a sua atua\u00e7\u00e3o na escola. \u201cA viagem est\u00e1 despertando grandes expectativas de aquisi\u00e7\u00e3o de novos conhecimentos para a minha gest\u00e3o escolar, al\u00e9m da oportunidade de conhecer pr\u00e1ticas de sucesso que poderei aplicar na minha escola e na comunidade\u201d, afirmou.<\/p>\n\n\n\n<ul><li><a href=\"https:\/\/www.parana.pr.gov.br\/aen\/Noticia\/Ponta-Grossa-ganhara-nova-escola-da-rede-estadual-com-investimento-de-R-137-milhoes\" target=\"_blank\" rel=\"noreferrer noopener\"><strong>Ponta Grossa ganhar\u00e1 nova escola da rede estadual com investimento de R$ 13,7 milh\u00f5es<\/strong><\/a><\/li><\/ul>\n\n\n\n<p>A imers\u00e3o formativa permitir\u00e1 aos servidores observar, presencialmente, pr\u00e1ticas consolidadas de gest\u00e3o pedag\u00f3gica, sistemas de acompanhamento da aprendizagem, modelos de observa\u00e7\u00e3o, lideran\u00e7a pedag\u00f3gica, al\u00e9m de pol\u00edticas estruturadas de desenvolvimento profissional.&nbsp;<\/p>\n\n\n\n<p>Os resultados esperados nessa capacita\u00e7\u00e3o internacional, de acordo com Orivaldo Alexandre, do Departamento de Acompanhamento Pedag\u00f3gico da Secretaria de Estado da Educa\u00e7\u00e3o (Seed-PR), s\u00e3o \u201cdesenvolver a lideran\u00e7a dos gestores nas comunidades e melhorar a qualidade do ensino dos nossos alunos\u201d, comentou.<\/p>\n\n\n\n<p>O retorno do grupo est\u00e1 previsto para o dia 21. A professora Michele Magalh\u00e3es, gestora do Col\u00e9gio Estadual Professor Alvina Prestes, munic\u00edpio de Figueira, antes mesmo do embarque j\u00e1 estava pensando em como vai repassar as futuras experi\u00eancias para sua equipe de docentes. \u201cSer\u00e1 uma forma\u00e7\u00e3o ch\u00e3o de escola,&nbsp;com os nossos professores formando, repassando, replicando o aprendizado e melhorando a nossa pr\u00e1tica pedag\u00f3gica dentro do col\u00e9gio\u201d, afirmou.<\/p>\n\n\n\n<ul><li><a href=\"https:\/\/www.parana.pr.gov.br\/aen\/Noticia\/Mulheres-monitoras-unem-disciplina-e-acolhimento-nos-Colegios-Civico-Militares\" target=\"_blank\" rel=\"noreferrer noopener\"><strong>Mulheres monitoras unem disciplina e acolhimento nos Col\u00e9gios C\u00edvico-Militares<\/strong><\/a><\/li><\/ul>\n\n\n\n<p><strong>FORMA\u00c7\u00c3O INTERNACIONAL&nbsp;<\/strong>\u2013&nbsp;A escolha do Chile como sede dessa coopera\u00e7\u00e3o educacional baseia-se no reconhecimento internacional de suas institui\u00e7\u00f5es de ensino e de suas pol\u00edticas educacionais. Entre os locais que integram a programa\u00e7\u00e3o da forma\u00e7\u00e3o est\u00e3o a Universidade Diego Portales e institui\u00e7\u00f5es de ensino secund\u00e1rio como Instituto Cumbres de C\u00f3ndores Oriente e o Liceo Jos\u00e9 Toribio Medina, onde os participantes realizar\u00e3o atividades acad\u00eamicas e visitas t\u00e9cnicas.<\/p>\n\n\n\n<p>O pa\u00eds tamb\u00e9m se destaca por pol\u00edticas p\u00fablicas voltadas ao fortalecimento da gest\u00e3o escolar, especialmente pela integra\u00e7\u00e3o entre forma\u00e7\u00e3o continuada, pr\u00e1ticas pedag\u00f3gicas e lideran\u00e7a educacional orientada para resultados.<\/p>\n\n\n\n<ul><li><a href=\"https:\/\/www.parana.pr.gov.br\/aen\/Noticia\/Programa-Mais-Escolas-Parana-e-apresentado-na-B3-e-segue-para-fase-de-selecao-de\" target=\"_blank\" rel=\"noreferrer noopener\"><strong>Programa Mais Escolas Paran\u00e1 \u00e9 apresentado na B3 e segue para fase de sele\u00e7\u00e3o de empresas<\/strong><\/a><\/li><\/ul>\n\n\n\n<p><strong>SELE\u00c7\u00c3O&nbsp;<\/strong>\u2013 A iniciativa deste ano seguiu processo seletivo previsto em edital e teve como universo diretores escolares, em efetivo exerc\u00edcio na rede p\u00fablica estadual de ensino, vinculados ao Grupo de Estudos Diretor Formador, como formadores ou como cursistas.<\/p>\n\n\n\n<p>Complementando o programa Ganhando o Mundo Diretores (2\u00aa edi\u00e7\u00e3o), no dia 21 de mar\u00e7o, ocorrer\u00e1 o retorno do primeiro grupo ao Brasil, mesma data que outros 100 dirigentes embarcar\u00e3o para a etapa internacional.<\/p>\n\n\n\n<p>Fonte &#8211; AEN<\/p>\n","protected":false},"excerpt":{"rendered":"<p>A viagem marcou o in\u00edcio da experi\u00eancia internacional voltada \u00e0 forma\u00e7\u00e3o de diretores escolares, com atividades voltadas ao interc\u00e2mbio de pr\u00e1ticas educacionais. Representantes de 27 N\u00facleos Regionais de Educa\u00e7\u00e3o (NRE) participaram da iniciativa Ap\u00f3s as edi\u00e7\u00f5es dos alunos e dos professores, chegou a vez dos gestores. O sagu\u00e3o de embarque internacional do Aeroporto Afonso Pena, [&hellip;]<\/p>\n","protected":false},"author":2,"featured_media":6219,"comment_status":"open","ping_status":"open","sticky":false,"template":"","format":"standard","meta":{"_monsterinsights_skip_tracking":false,"_monsterinsights_sitenote_active":false,"_monsterinsights_sitenote_note":"","_monsterinsights_sitenote_category":0},"categories":[3,290],"tags":[],"_links":{"self":[{"href":"https:\/\/portaltvatosefatos.com.br\/index.php\/wp-json\/wp\/v2\/posts\/6218"}],"collection":[{"href":"https:\/\/portaltvatosefatos.com.br\/index.php\/wp-json\/wp\/v2\/posts"}],"about":[{"href":"https:\/\/portaltvatosefatos.com.br\/index.php\/wp-json\/wp\/v2\/types\/post"}],"author":[{"embeddable":true,"href":"https:\/\/portaltvatosefatos.com.br\/index.php\/wp-json\/wp\/v2\/users\/2"}],"replies":[{"embeddable":true,"href":"https:\/\/portaltvatosefatos.com.br\/index.php\/wp-json\/wp\/v2\/comments?post=6218"}],"version-history":[{"count":1,"href":"https:\/\/portaltvatosefatos.com.br\/index.php\/wp-json\/wp\/v2\/posts\/6218\/revisions"}],"predecessor-version":[{"id":6220,"href":"https:\/\/portaltvatosefatos.com.br\/index.php\/wp-json\/wp\/v2\/posts\/6218\/revisions\/6220"}],"wp:featuredmedia":[{"embeddable":true,"href":"https:\/\/portaltvatosefatos.com.br\/index.php\/wp-json\/wp\/v2\/media\/6219"}],"wp:attachment":[{"href":"https:\/\/portaltvatosefatos.com.br\/index.php\/wp-json\/wp\/v2\/media?parent=6218"}],"wp:term":[{"taxonomy":"category","embeddable":true,"href":"https:\/\/portaltvatosefatos.com.br\/index.php\/wp-json\/wp\/v2\/categories?post=6218"},{"taxonomy":"post_tag","embeddable":true,"href":"https:\/\/portaltvatosefatos.com.br\/index.php\/wp-json\/wp\/v2\/tags?post=6218"}],"curies":[{"name":"wp","href":"https:\/\/api.w.org\/{rel}","templated":true}]}}