{"id":6224,"date":"2026-03-10T06:35:10","date_gmt":"2026-03-10T09:35:10","guid":{"rendered":"https:\/\/portaltvatosefatos.com.br\/?p=6224"},"modified":"2026-03-10T06:35:11","modified_gmt":"2026-03-10T09:35:11","slug":"estado-reforca-convocacao-de-profissionais-de-saude-para-vacinacao-contra-dengue","status":"publish","type":"post","link":"https:\/\/portaltvatosefatos.com.br\/index.php\/2026\/03\/10\/estado-reforca-convocacao-de-profissionais-de-saude-para-vacinacao-contra-dengue\/","title":{"rendered":"Estado refor\u00e7a convoca\u00e7\u00e3o de profissionais de sa\u00fade para vacina\u00e7\u00e3o contra dengue"},"content":{"rendered":"\n<p><strong>A Secretaria de Estado da Sa\u00fade (Sesa) refor\u00e7a o chamado para que os profissionais da sa\u00fade atuantes na Aten\u00e7\u00e3o Prim\u00e1ria \u00e0 Sa\u00fade (APS) busquem a imuniza\u00e7\u00e3o contra a dengue nos 399 munic\u00edpios do Paran\u00e1. As 31.500 doses da vacina produzida pelo Instituto Butantan j\u00e1 foram totalmente distribu\u00eddas \u00e0s 22 Regionais de Sa\u00fade e est\u00e3o dispon\u00edveis para aplica\u00e7\u00e3o. O imunizante, 100% nacional e de dose \u00fanica, \u00e9 uma das principais estrat\u00e9gias para proteger quem atua na linha de frente do atendimento \u00e0 popula\u00e7\u00e3o.<\/strong><\/p>\n\n\n\n<p>Nesta etapa priorit\u00e1ria, o p\u00fablico-alvo foca em vacinadores, agentes comunit\u00e1rios de sa\u00fade e agentes de combate \u00e0s endemias. O quantitativo atual atende a cerca de 51% dos 61.486 profissionais previstos em levantamento estadual. At\u00e9 o momento, ainda n\u00e3o h\u00e1 uma nova data de entrega de doses pelo Minist\u00e9rio da Sa\u00fade (MS) ao Estado.<\/p>\n\n\n\n<p>O Paran\u00e1 j\u00e1 realiza a vacina\u00e7\u00e3o de jovens de 10 a 14 anos com o imunizante do laborat\u00f3rio Takeda, e a chegada das doses do Butantan permitiu ampliar a prote\u00e7\u00e3o para a faixa et\u00e1ria de 15 a 59 anos dentro dos grupos priorit\u00e1rios.<\/p>\n\n\n\n<p>O secret\u00e1rio de Estado da Sa\u00fade, Beto Preto, destaca a import\u00e2ncia da agilidade na ponta e a necessidade de manter o alerta m\u00e1ximo. \u201cAs doses j\u00e1 foram entregues \u00e0s nossas Regionais e os munic\u00edpios est\u00e3o devidamente orientados. \u00c9 fundamental que os profissionais busquem a vacina\u00e7\u00e3o agora, garantindo sua prote\u00e7\u00e3o pessoal e a continuidade dos servi\u00e7os&#8221;, afirmou.<\/p>\n\n\n\n<p>&#8220;A vacina \u00e9 uma ferramenta fundamental, mas n\u00e3o substitui o combate ao mosquito no dia a dia. Como ainda n\u00e3o temos uma previs\u00e3o de novas remessas por parte do Minist\u00e9rio da Sa\u00fade, cada dose aplicada neste momento \u00e9 um passo estrat\u00e9gico para preservar nossa rede de atendimento\u201d, acrescentou o secret\u00e1rio.<\/p>\n\n\n\n<p><strong>CUIDADOS&nbsp;<\/strong>\u2013&nbsp;Al\u00e9m da imuniza\u00e7\u00e3o, a Sesa refor\u00e7a que o enfrentamento \u00e0 dengue exige uma for\u00e7a-tarefa cont\u00ednua na elimina\u00e7\u00e3o de criadouros. Mesmo com a prote\u00e7\u00e3o vacinal, que abrange os quatro sorotipos da doen\u00e7a (DENV-1, DENV-2, DENV-3 e DENV-4), as medidas de controle do mosquito Aedes aegypti devem ser mantidas rigorosamente.<\/p>\n\n\n\n<p>A orienta\u00e7\u00e3o \u00e9 para que a popula\u00e7\u00e3o mantenha a limpeza constante de quintais, calhas e recipientes que possam acumular \u00e1gua, al\u00e9m do uso de repelentes e a aten\u00e7\u00e3o redobrada aos primeiros sintomas, como febre alta e dores articulares.<\/p>\n\n\n\n<p><strong>VACINA&nbsp;<\/strong>\u2013&nbsp;A nova vacina do Butantan utiliza tecnologia de v\u00edrus atenuados e faz parte de uma estrat\u00e9gia integrada de vigil\u00e2ncia epidemiol\u00f3gica do Governo do Estado. Com as equipes das 22 Regionais j\u00e1 capacitadas para esta etapa, o Paran\u00e1 busca consolidar a barreira imunol\u00f3gica entre os trabalhadores da sa\u00fade enquanto aguarda novas diretrizes e remessas de doses do governo federal para a amplia\u00e7\u00e3o do p\u00fablico atendido.<\/p>\n\n\n\n<p><strong>N\u00daMEROS\u00a0<\/strong>\u2013\u00a0De acordo com o \u00faltimo boletim epidemiol\u00f3gico publicado pela Sesa, o Paran\u00e1 registra, neste ano, 768 casos confirmados e um \u00f3bito. Outros 4.922 diagn\u00f3sticos suspeitos seguem em investiga\u00e7\u00e3o.<\/p>\n\n\n\n<p>Fonte &#8211; AEN<\/p>\n","protected":false},"excerpt":{"rendered":"<p>A Secretaria de Estado da Sa\u00fade (Sesa) refor\u00e7a o chamado para que os profissionais da sa\u00fade atuantes na Aten\u00e7\u00e3o Prim\u00e1ria \u00e0 Sa\u00fade (APS) busquem a imuniza\u00e7\u00e3o contra a dengue nos 399 munic\u00edpios do Paran\u00e1. As 31.500 doses da vacina produzida pelo Instituto Butantan j\u00e1 foram totalmente distribu\u00eddas \u00e0s 22 Regionais de Sa\u00fade e est\u00e3o dispon\u00edveis [&hellip;]<\/p>\n","protected":false},"author":2,"featured_media":6225,"comment_status":"open","ping_status":"open","sticky":false,"template":"","format":"standard","meta":{"_monsterinsights_skip_tracking":false,"_monsterinsights_sitenote_active":false,"_monsterinsights_sitenote_note":"","_monsterinsights_sitenote_category":0},"categories":[3,35],"tags":[],"_links":{"self":[{"href":"https:\/\/portaltvatosefatos.com.br\/index.php\/wp-json\/wp\/v2\/posts\/6224"}],"collection":[{"href":"https:\/\/portaltvatosefatos.com.br\/index.php\/wp-json\/wp\/v2\/posts"}],"about":[{"href":"https:\/\/portaltvatosefatos.com.br\/index.php\/wp-json\/wp\/v2\/types\/post"}],"author":[{"embeddable":true,"href":"https:\/\/portaltvatosefatos.com.br\/index.php\/wp-json\/wp\/v2\/users\/2"}],"replies":[{"embeddable":true,"href":"https:\/\/portaltvatosefatos.com.br\/index.php\/wp-json\/wp\/v2\/comments?post=6224"}],"version-history":[{"count":1,"href":"https:\/\/portaltvatosefatos.com.br\/index.php\/wp-json\/wp\/v2\/posts\/6224\/revisions"}],"predecessor-version":[{"id":6226,"href":"https:\/\/portaltvatosefatos.com.br\/index.php\/wp-json\/wp\/v2\/posts\/6224\/revisions\/6226"}],"wp:featuredmedia":[{"embeddable":true,"href":"https:\/\/portaltvatosefatos.com.br\/index.php\/wp-json\/wp\/v2\/media\/6225"}],"wp:attachment":[{"href":"https:\/\/portaltvatosefatos.com.br\/index.php\/wp-json\/wp\/v2\/media?parent=6224"}],"wp:term":[{"taxonomy":"category","embeddable":true,"href":"https:\/\/portaltvatosefatos.com.br\/index.php\/wp-json\/wp\/v2\/categories?post=6224"},{"taxonomy":"post_tag","embeddable":true,"href":"https:\/\/portaltvatosefatos.com.br\/index.php\/wp-json\/wp\/v2\/tags?post=6224"}],"curies":[{"name":"wp","href":"https:\/\/api.w.org\/{rel}","templated":true}]}}