{"id":6233,"date":"2026-03-11T06:36:01","date_gmt":"2026-03-11T09:36:01","guid":{"rendered":"https:\/\/portaltvatosefatos.com.br\/?p=6233"},"modified":"2026-03-11T06:36:03","modified_gmt":"2026-03-11T09:36:03","slug":"icms-ecologico-iat-prorroga-prazo-para-municipios-apresentarem-relatorios","status":"publish","type":"post","link":"https:\/\/portaltvatosefatos.com.br\/index.php\/2026\/03\/11\/icms-ecologico-iat-prorroga-prazo-para-municipios-apresentarem-relatorios\/","title":{"rendered":"ICMS Ecol\u00f3gico: IAT prorroga prazo para munic\u00edpios apresentarem relat\u00f3rios"},"content":{"rendered":"\n<p><strong>O Instituto \u00c1gua e Terra (IAT) prorrogou para o dia 16 (segunda-feira) o prazo para o envio dos Relat\u00f3rios T\u00e9cnicos de Atividades pelos munic\u00edpios que abrigam \u00e1reas contempladas pelo ICMS Ecol\u00f3gico por Biodiversidade, como Unidades de Conserva\u00e7\u00e3o e \u00c1reas Especialmente Protegidas. O documento, referente ao exerc\u00edcio das \u00e1reas em 2025, deve ser enviado de forma obrigat\u00f3ria ao \u00f3rg\u00e3o ambiental via&nbsp;<a href=\"https:\/\/auth-cs.identidadedigital.pr.gov.br\/centralautenticacao\/login.html?response_type=code&amp;client_id=9188905e74c28e489b44e954ec0b9bca&amp;redirect_uri=https%3A%2F%2Fwww.eprotocolo.pr.gov.br%2Fspiweb&amp;scope=null&amp;state=1773151163191&amp;urlCert=https:\/\/certauth-cs.identidadedigital.pr.gov.br&amp;dnsCidadao=https:\/\/cidadao-cs.identidadedigital.pr.gov.br\/centralcidadao&amp;loginPadrao=btnCentral&amp;labelCentral=CPF&amp;modulosDeAutenticacao=btnCertificado,btnCpf,btnSanepar,btnCentral&amp;urlLogo=https%3A%2F%2Fwww.eprotocolo.pr.gov.br%2Fspiweb%2Fimages%2Flogo_eprotocolo.png&amp;acesso=2107&amp;tokenFormat=jwt&amp;exibirLinkAutoCadastro=true&amp;exibirLinkRecuperarSenha=true&amp;exibirLinkAutoCadastroCertificado=false&amp;exibirAviso=true&amp;captcha=false\" target=\"_blank\" rel=\"noreferrer noopener\">e-protocolo<\/a>.&nbsp;<\/strong><\/p>\n\n\n\n<p>A medida \u00e9 essencial para o preenchimento das t\u00e1buas de avalia\u00e7\u00e3o dos locais, instrumento utilizado pelo Instituto para balizar a qualidade das \u00e1reas protegidas que fazem parte do programa. A aus\u00eancia do relat\u00f3rio resultar\u00e1 na retirada do \u00edndice qualitativo das respectivas \u00e1reas protegidas, impactando diretamente nos valores repassados aos munic\u00edpios a partir de 2026.<\/p>\n\n\n\n<p>Para mais informa\u00e7\u00f5es sobre o processo, \u00e9 poss\u00edvel acessar o&nbsp;<strong><a href=\"https:\/\/www.iat.pr.gov.br\/Pagina\/ICMS-Ecologico\" target=\"_blank\" rel=\"noreferrer noopener\">site do IAT<\/a><\/strong>. L\u00e1 est\u00e3o dispostos modelos para a elabora\u00e7\u00e3o do relat\u00f3rio. Outra op\u00e7\u00e3o \u00e9 entrar em contato com o Instituto pelos telefones (41) 2117-1406 e (41) 99554-0553 (WhatsApp) ou pelo e-mail&nbsp;<strong><a href=\"mailto:icmsecologico@iat.pr.gov.br\">icmsecologico@iat.pr.gov.br<\/a><\/strong>.&nbsp;<\/p>\n\n\n\n<p>Em 2025, o Governo do Estado repassou&nbsp;<strong><a href=\"https:\/\/www.parana.pr.gov.br\/aen\/Noticia\/Com-incremento-de-37-Estado-repassou-R-659-milhoes-municipios-ICMS-Ecologico\" target=\"_blank\" rel=\"noreferrer noopener\">R$ 659,6 milh\u00f5es aos munic\u00edpios paranaenses<\/a><\/strong>&nbsp;por meio do ICMS Ecol\u00f3gico, dividido igualmente nas categorias Biodiversidade e Mananciais. A m\u00e9dia \u00e9 de R$ 54,9 milh\u00f5es por m\u00eas. O valor representa um acr\u00e9scimo de 3,7% em rela\u00e7\u00e3o a 2024 (R$ 635 milh\u00f5es).<\/p>\n\n\n\n<p>Em Biodiversidade, divis\u00e3o que compensa munic\u00edpios que abrigam \u00e1reas de prote\u00e7\u00e3o ambiental, 229 dos 399 munic\u00edpios do Paran\u00e1 (57%) foram contemplados. J\u00e1 na categoria de mananciais, que retribuiu as cidades que possuem corpos h\u00eddricos que ajudam no abastecimento de \u00e1gua de munic\u00edpios vizinhos, 102 munic\u00edpios (25%) receberam o benef\u00edcio.<\/p>\n\n\n\n<p><strong>PROGRAMA&nbsp;<\/strong>\u2013 O ICMS Ecol\u00f3gico \u00e9 aplicado no Paran\u00e1 h\u00e1 mais de tr\u00eas d\u00e9cadas e tem o prop\u00f3sito de incentivar a prote\u00e7\u00e3o de \u00e1reas de conserva\u00e7\u00e3o ambiental no Estado. Os valores repassados s\u00e3o 5% do total do Imposto sobre Circula\u00e7\u00e3o de Mercadorias e Servi\u00e7os (ICMS) destinado aos munic\u00edpios paranaenses. Metade desses 5%, ou seja, 2,5%, \u00e9 destinada aos munic\u00edpios que abrigam mananciais. A outra metade \u00e9 repassada na modalidade Biodiversidade \u2013 para munic\u00edpios que abrigam Unidades de Conserva\u00e7\u00e3o (UCs).<\/p>\n\n\n\n<p>O programa \u00e9 um instrumento que ajuda as prefeituras e, por consequ\u00eancia, toda a popula\u00e7\u00e3o. \u00c9 uma pol\u00edtica p\u00fablica que tem como objetivo estimular o incremento da \u00e1rea protegida e a melhora na gest\u00e3o do patrim\u00f4nio natural no Paran\u00e1.<\/p>\n\n\n\n<p>Fonte &#8211; AEN<\/p>\n","protected":false},"excerpt":{"rendered":"<p>O Instituto \u00c1gua e Terra (IAT) prorrogou para o dia 16 (segunda-feira) o prazo para o envio dos Relat\u00f3rios T\u00e9cnicos de Atividades pelos munic\u00edpios que abrigam \u00e1reas contempladas pelo ICMS Ecol\u00f3gico por Biodiversidade, como Unidades de Conserva\u00e7\u00e3o e \u00c1reas Especialmente Protegidas. O documento, referente ao exerc\u00edcio das \u00e1reas em 2025, deve ser enviado de forma [&hellip;]<\/p>\n","protected":false},"author":2,"featured_media":6234,"comment_status":"open","ping_status":"open","sticky":false,"template":"","format":"standard","meta":{"_monsterinsights_skip_tracking":false,"_monsterinsights_sitenote_active":false,"_monsterinsights_sitenote_note":"","_monsterinsights_sitenote_category":0},"categories":[3,290],"tags":[],"_links":{"self":[{"href":"https:\/\/portaltvatosefatos.com.br\/index.php\/wp-json\/wp\/v2\/posts\/6233"}],"collection":[{"href":"https:\/\/portaltvatosefatos.com.br\/index.php\/wp-json\/wp\/v2\/posts"}],"about":[{"href":"https:\/\/portaltvatosefatos.com.br\/index.php\/wp-json\/wp\/v2\/types\/post"}],"author":[{"embeddable":true,"href":"https:\/\/portaltvatosefatos.com.br\/index.php\/wp-json\/wp\/v2\/users\/2"}],"replies":[{"embeddable":true,"href":"https:\/\/portaltvatosefatos.com.br\/index.php\/wp-json\/wp\/v2\/comments?post=6233"}],"version-history":[{"count":1,"href":"https:\/\/portaltvatosefatos.com.br\/index.php\/wp-json\/wp\/v2\/posts\/6233\/revisions"}],"predecessor-version":[{"id":6235,"href":"https:\/\/portaltvatosefatos.com.br\/index.php\/wp-json\/wp\/v2\/posts\/6233\/revisions\/6235"}],"wp:featuredmedia":[{"embeddable":true,"href":"https:\/\/portaltvatosefatos.com.br\/index.php\/wp-json\/wp\/v2\/media\/6234"}],"wp:attachment":[{"href":"https:\/\/portaltvatosefatos.com.br\/index.php\/wp-json\/wp\/v2\/media?parent=6233"}],"wp:term":[{"taxonomy":"category","embeddable":true,"href":"https:\/\/portaltvatosefatos.com.br\/index.php\/wp-json\/wp\/v2\/categories?post=6233"},{"taxonomy":"post_tag","embeddable":true,"href":"https:\/\/portaltvatosefatos.com.br\/index.php\/wp-json\/wp\/v2\/tags?post=6233"}],"curies":[{"name":"wp","href":"https:\/\/api.w.org\/{rel}","templated":true}]}}