{"id":6236,"date":"2026-03-12T06:22:43","date_gmt":"2026-03-12T09:22:43","guid":{"rendered":"https:\/\/portaltvatosefatos.com.br\/?p=6236"},"modified":"2026-03-12T06:22:45","modified_gmt":"2026-03-12T09:22:45","slug":"pf-faz-operacao-para-combater-apologia-ao-nazismo-na-internet","status":"publish","type":"post","link":"https:\/\/portaltvatosefatos.com.br\/index.php\/2026\/03\/12\/pf-faz-operacao-para-combater-apologia-ao-nazismo-na-internet\/","title":{"rendered":"PF faz opera\u00e7\u00e3o para combater apologia ao nazismo na internet"},"content":{"rendered":"\n<p><strong>A Pol\u00edcia Federal realizou nesta quarta-feira (11), em Americana (SP), uma opera\u00e7\u00e3o contra um homem que praticava discrimina\u00e7\u00e3o racial e apologia ao nazismo na internet.<\/strong><img src=\"https:\/\/agenciabrasil.ebc.com.br\/ebc.png?id=1681542&amp;o=node\"><img src=\"https:\/\/agenciabrasil.ebc.com.br\/ebc.gif?id=1681542&amp;o=node\"><\/p>\n\n\n\n<p>Com o cumprimento da ordem judicial, foram apreendidos um telefone celular e um disco r\u00edgido. O conte\u00fado dos dispositivos ser\u00e1 analisado pela per\u00edcia, a fim de aprofundar as investiga\u00e7\u00f5es e identificar outros poss\u00edveis envolvidos.<\/p>\n\n\n\n<p><strong>A a\u00e7\u00e3o faz parte da Opera\u00e7\u00e3o Ethos, que busca reprimir crimes de \u00f3dio na internet.<\/strong>&nbsp;Em fevereiro, a PF realizou uma a\u00e7\u00e3o parecida no interior paulista, na cidade de S\u00e3o Jos\u00e9 dos Campos. Na ocasi\u00e3o, um homem foi preso por armazenar material de abuso sexual de crian\u00e7as e adolescentes.<\/p>\n\n\n\n<p>Segundo o Grupo de Repress\u00e3o a Crimes Cibern\u00e9ticos da Delegacia de Pol\u00edcia Federal da cidade, o criminoso baixou e compartilhou cerca de 200 arquivos com material il\u00edcito.<\/p>\n\n\n\n<p>Crimes cibern\u00e9ticos<\/p>\n\n\n\n<p>Em fevereiro deste ano, a organiza\u00e7\u00e3o n\u00e3o governamental SaferNet divulgou dados que apontam para um crescimento de casos de crimes cibern\u00e9ticos no Brasil. No ano de 2025, a Central Nacional de Den\u00fancias de Crimes Cibern\u00e9ticos recebeu 87.689 novas queixas, \u00edndice 28,4% maior do que no ano de 2024.<\/p>\n\n\n\n<p>Com um total de 63.214 notifica\u00e7\u00f5es, grande parte das den\u00fancias registradas eram relacionadas a imagens e v\u00eddeos de abuso e explora\u00e7\u00e3o sexual infantil. Em segundo lugar aparece den\u00fancias de discrimina\u00e7\u00e3o contra mulheres, com 8.728 casos, seguido de den\u00fancias de incita\u00e7\u00e3o a crimes contra a vida, com 4.752 den\u00fancias, e de racismo, com 3.220 casos.<\/p>\n\n\n\n<p>Fonte &#8211; Ag\u00eancia Brasil<\/p>\n","protected":false},"excerpt":{"rendered":"<p>A Pol\u00edcia Federal realizou nesta quarta-feira (11), em Americana (SP), uma opera\u00e7\u00e3o contra um homem que praticava discrimina\u00e7\u00e3o racial e apologia ao nazismo na internet. Com o cumprimento da ordem judicial, foram apreendidos um telefone celular e um disco r\u00edgido. O conte\u00fado dos dispositivos ser\u00e1 analisado pela per\u00edcia, a fim de aprofundar as investiga\u00e7\u00f5es e [&hellip;]<\/p>\n","protected":false},"author":2,"featured_media":6237,"comment_status":"open","ping_status":"open","sticky":false,"template":"","format":"standard","meta":{"_monsterinsights_skip_tracking":false,"_monsterinsights_sitenote_active":false,"_monsterinsights_sitenote_note":"","_monsterinsights_sitenote_category":0},"categories":[289,3],"tags":[],"_links":{"self":[{"href":"https:\/\/portaltvatosefatos.com.br\/index.php\/wp-json\/wp\/v2\/posts\/6236"}],"collection":[{"href":"https:\/\/portaltvatosefatos.com.br\/index.php\/wp-json\/wp\/v2\/posts"}],"about":[{"href":"https:\/\/portaltvatosefatos.com.br\/index.php\/wp-json\/wp\/v2\/types\/post"}],"author":[{"embeddable":true,"href":"https:\/\/portaltvatosefatos.com.br\/index.php\/wp-json\/wp\/v2\/users\/2"}],"replies":[{"embeddable":true,"href":"https:\/\/portaltvatosefatos.com.br\/index.php\/wp-json\/wp\/v2\/comments?post=6236"}],"version-history":[{"count":1,"href":"https:\/\/portaltvatosefatos.com.br\/index.php\/wp-json\/wp\/v2\/posts\/6236\/revisions"}],"predecessor-version":[{"id":6238,"href":"https:\/\/portaltvatosefatos.com.br\/index.php\/wp-json\/wp\/v2\/posts\/6236\/revisions\/6238"}],"wp:featuredmedia":[{"embeddable":true,"href":"https:\/\/portaltvatosefatos.com.br\/index.php\/wp-json\/wp\/v2\/media\/6237"}],"wp:attachment":[{"href":"https:\/\/portaltvatosefatos.com.br\/index.php\/wp-json\/wp\/v2\/media?parent=6236"}],"wp:term":[{"taxonomy":"category","embeddable":true,"href":"https:\/\/portaltvatosefatos.com.br\/index.php\/wp-json\/wp\/v2\/categories?post=6236"},{"taxonomy":"post_tag","embeddable":true,"href":"https:\/\/portaltvatosefatos.com.br\/index.php\/wp-json\/wp\/v2\/tags?post=6236"}],"curies":[{"name":"wp","href":"https:\/\/api.w.org\/{rel}","templated":true}]}}