{"id":6242,"date":"2026-03-13T06:19:43","date_gmt":"2026-03-13T09:19:43","guid":{"rendered":"https:\/\/portaltvatosefatos.com.br\/?p=6242"},"modified":"2026-03-13T06:19:44","modified_gmt":"2026-03-13T09:19:44","slug":"parana-teve-reducao-de-casos-de-sindromes-gripais-no-primeiro-bimestre-de-2026","status":"publish","type":"post","link":"https:\/\/portaltvatosefatos.com.br\/index.php\/2026\/03\/13\/parana-teve-reducao-de-casos-de-sindromes-gripais-no-primeiro-bimestre-de-2026\/","title":{"rendered":"Paran\u00e1 teve redu\u00e7\u00e3o de casos de s\u00edndromes gripais no primeiro bimestre de 2026"},"content":{"rendered":"\n<p><strong>O Paran\u00e1 registrou redu\u00e7\u00e3o nos casos e \u00f3bitos de S\u00edndrome Respirat\u00f3ria Aguda Grave (SRAG) em 2026 em rela\u00e7\u00e3o ao ano passado. Dados da Secretaria de Estado da Sa\u00fade (Sesa) mostram que, at\u00e9 a semana epidemiol\u00f3gica 8, foram contabilizados 2.100 casos e 91 mortes no Estado. No mesmo recorte de 2025, haviam sido registrados 2.322 casos e 150 \u00f3bitos, o que representa redu\u00e7\u00e3o de 9,56% nas notifica\u00e7\u00f5es e queda de 39,33% das mortes.<\/strong><\/p>\n\n\n\n<p>Com a proximidade do outono, que come\u00e7a em 20 de mar\u00e7o, a Sesa refor\u00e7a a import\u00e2ncia das medidas de preven\u00e7\u00e3o contra doen\u00e7as respirat\u00f3rias. A queda das temperaturas e a maior perman\u00eancia das pessoas em ambientes fechados favorecem a circula\u00e7\u00e3o de v\u00edrus, aumentando o risco de transmiss\u00e3o.<\/p>\n\n\n\n<p>O secret\u00e1rio estadual da Sa\u00fade, Beto Preto, destaca que o acompanhamento permanente dos indicadores permite ao Estado agir de forma preventiva, principalmente em per\u00edodos de baixa temperatura. \u201cA redu\u00e7\u00e3o nos registros e, principalmente, nos \u00f3bitos \u00e9 um dado importante, mas seguimos atentos. A chegada do outono costuma favorecer a circula\u00e7\u00e3o de v\u00edrus respirat\u00f3rios, por isso refor\u00e7amos a import\u00e2ncia da vacina\u00e7\u00e3o e das medidas de preven\u00e7\u00e3o para proteger a popula\u00e7\u00e3o\u201d, afirmou.<\/p>\n\n\n\n<p>Segundo o secret\u00e1rio, ainda n\u00e3o houve aumento expressivo na procura por atendimento nos servi\u00e7os p\u00fablicos de sa\u00fade. \u201cNeste momento ainda n\u00e3o tivemos um aumento muito forte na procura pelo SUS ou nas portas das UPAs. Mas sabemos que, sazonalmente, com a chegada do outono e depois do inverno, \u00e9 poss\u00edvel que haja aumento na demanda. Por isso seguimos monitorando a situa\u00e7\u00e3o\u201d, disse.<\/p>\n\n\n\n<p>A SRAG \u00e9 caracterizada por quadro respirat\u00f3rio que evoluiu com maior gravidade, exigindo interna\u00e7\u00e3o hospitalar. Entre os principais sintomas est\u00e3o febre, tosse, dor de garganta, dificuldade para respirar e queda na satura\u00e7\u00e3o de oxig\u00eanio. A secretaria estadual da Sa\u00fade destaca que o monitoramento das s\u00edndromes respirat\u00f3rias \u00e9 realizado de forma cont\u00ednua em todo o Paran\u00e1, permitindo acompanhar o comportamento epidemiol\u00f3gico e orientar a\u00e7\u00f5es de preven\u00e7\u00e3o e assist\u00eancia nos servi\u00e7os de sa\u00fade.<\/p>\n\n\n\n<p><strong>MEDIDAS DE PREVEN\u00c7\u00c3O<\/strong>&nbsp;\u2013 Entre as principais medidas de preven\u00e7\u00e3o est\u00e3o: manter a vacina\u00e7\u00e3o em dia, higienizar as m\u00e3os com frequ\u00eancia, principalmente antes das refei\u00e7\u00f5es ou ap\u00f3s tossir e espirrar. Tamb\u00e9m manter ambientes ventilados e evitar contato pr\u00f3ximo com pessoas que apresentem sintomas respirat\u00f3rios. Al\u00e9m disso, a recomenda\u00e7\u00e3o \u00e9 procurar atendimento de sa\u00fade caso os sintomas se agravem, especialmente em grupos mais vulner\u00e1veis, como idosos, crian\u00e7as pequenas e pessoas com doen\u00e7as cr\u00f4nicas.<\/p>\n\n\n\n<p>\u00c9 igualmente importante cobrir o nariz e a boca ao tossir ou espirrar, evitar tocar olhos, nariz e boca com as m\u00e3os n\u00e3o higienizadas e n\u00e3o compartilhar objetos de uso pessoal, como talheres, copos ou garrafas. Crian\u00e7as e adultos que manifestem sinais da doen\u00e7a devem ser afastados temporariamente de atividades escolares ou de trabalho at\u00e9, pelo menos, 24 horas ap\u00f3s a cessa\u00e7\u00e3o dos sintomas.<\/p>\n\n\n\n<p>Em caso de sintomas como febre repentina, mal-estar, dor de garganta, tosse seca, dores musculares ou articulares, al\u00e9m de v\u00f4mitos, diarreia ou rouquid\u00e3o \u00e9 fundamental buscar atendimento m\u00e9dico o quanto antes.<\/p>\n\n\n\n<p>Fonte &#8211; AEN<\/p>\n","protected":false},"excerpt":{"rendered":"<p>O Paran\u00e1 registrou redu\u00e7\u00e3o nos casos e \u00f3bitos de S\u00edndrome Respirat\u00f3ria Aguda Grave (SRAG) em 2026 em rela\u00e7\u00e3o ao ano passado. Dados da Secretaria de Estado da Sa\u00fade (Sesa) mostram que, at\u00e9 a semana epidemiol\u00f3gica 8, foram contabilizados 2.100 casos e 91 mortes no Estado. No mesmo recorte de 2025, haviam sido registrados 2.322 casos [&hellip;]<\/p>\n","protected":false},"author":2,"featured_media":6243,"comment_status":"open","ping_status":"open","sticky":false,"template":"","format":"standard","meta":{"_monsterinsights_skip_tracking":false,"_monsterinsights_sitenote_active":false,"_monsterinsights_sitenote_note":"","_monsterinsights_sitenote_category":0},"categories":[3,35],"tags":[],"_links":{"self":[{"href":"https:\/\/portaltvatosefatos.com.br\/index.php\/wp-json\/wp\/v2\/posts\/6242"}],"collection":[{"href":"https:\/\/portaltvatosefatos.com.br\/index.php\/wp-json\/wp\/v2\/posts"}],"about":[{"href":"https:\/\/portaltvatosefatos.com.br\/index.php\/wp-json\/wp\/v2\/types\/post"}],"author":[{"embeddable":true,"href":"https:\/\/portaltvatosefatos.com.br\/index.php\/wp-json\/wp\/v2\/users\/2"}],"replies":[{"embeddable":true,"href":"https:\/\/portaltvatosefatos.com.br\/index.php\/wp-json\/wp\/v2\/comments?post=6242"}],"version-history":[{"count":1,"href":"https:\/\/portaltvatosefatos.com.br\/index.php\/wp-json\/wp\/v2\/posts\/6242\/revisions"}],"predecessor-version":[{"id":6244,"href":"https:\/\/portaltvatosefatos.com.br\/index.php\/wp-json\/wp\/v2\/posts\/6242\/revisions\/6244"}],"wp:featuredmedia":[{"embeddable":true,"href":"https:\/\/portaltvatosefatos.com.br\/index.php\/wp-json\/wp\/v2\/media\/6243"}],"wp:attachment":[{"href":"https:\/\/portaltvatosefatos.com.br\/index.php\/wp-json\/wp\/v2\/media?parent=6242"}],"wp:term":[{"taxonomy":"category","embeddable":true,"href":"https:\/\/portaltvatosefatos.com.br\/index.php\/wp-json\/wp\/v2\/categories?post=6242"},{"taxonomy":"post_tag","embeddable":true,"href":"https:\/\/portaltvatosefatos.com.br\/index.php\/wp-json\/wp\/v2\/tags?post=6242"}],"curies":[{"name":"wp","href":"https:\/\/api.w.org\/{rel}","templated":true}]}}