{"id":6254,"date":"2026-03-16T06:27:31","date_gmt":"2026-03-16T09:27:31","guid":{"rendered":"https:\/\/portaltvatosefatos.com.br\/?p=6254"},"modified":"2026-03-16T06:27:32","modified_gmt":"2026-03-16T09:27:32","slug":"nova-laranjeiras-realiza-entrega-kits-para-mamaes-e-gestantes-atendendo-a-primeira-infancia","status":"publish","type":"post","link":"https:\/\/portaltvatosefatos.com.br\/index.php\/2026\/03\/16\/nova-laranjeiras-realiza-entrega-kits-para-mamaes-e-gestantes-atendendo-a-primeira-infancia\/","title":{"rendered":"Nova Laranjeiras realiza entrega kits para mam\u00e3es e gestantes atendendo a Primeira Inf\u00e2ncia."},"content":{"rendered":"\n<p>A Administra\u00e7\u00e3o Municipal de Nova Laranjeiras, por meio da Secretaria de Assist\u00eancia Social, realizou nesta quinta-feira a entrega de carrinhos e kits de maternidade para mam\u00e3es e gestantes da Aldeia Rio das Cobras, como parte das a\u00e7\u00f5es voltadas \u00e0 Primeira Inf\u00e2ncia no munic\u00edpio.<\/p>\n\n\n\n<p>A iniciativa faz parte do programa \u201cNascer Bem Paran\u00e1\u201d, do Governo do Estado e tamb\u00e9m \u201cMam\u00e3e Feliz\u201d, da Prefeitura Municipal que garantem \u00e0s gestantes um carrinho de beb\u00ea e um kit com roupas, bolsa maternidade, term\u00f4metro, fraldas, outros itens essenciais para os primeiros dias da crian\u00e7a.<\/p>\n\n\n\n<p>Ao todo, 38 carrinhos ser\u00e3o entregues em diferentes comunidades do munic\u00edpio, refor\u00e7ando o cuidado e a aten\u00e7\u00e3o com as fam\u00edlias e crian\u00e7as de Nova Laranjeiras.<\/p>\n\n\n\n<p>Nova Laranjeiras, Cidade Viva.<\/p>\n\n\n\n<p>Fonte -Assessoria<\/p>\n","protected":false},"excerpt":{"rendered":"<p>A Administra\u00e7\u00e3o Municipal de Nova Laranjeiras, por meio da Secretaria de Assist\u00eancia Social, realizou nesta quinta-feira a entrega de carrinhos e kits de maternidade para mam\u00e3es e gestantes da Aldeia Rio das Cobras, como parte das a\u00e7\u00f5es voltadas \u00e0 Primeira Inf\u00e2ncia no munic\u00edpio. A iniciativa faz parte do programa \u201cNascer Bem Paran\u00e1\u201d, do Governo do [&hellip;]<\/p>\n","protected":false},"author":2,"featured_media":6255,"comment_status":"open","ping_status":"open","sticky":false,"template":"","format":"standard","meta":{"_monsterinsights_skip_tracking":false,"_monsterinsights_sitenote_active":false,"_monsterinsights_sitenote_note":"","_monsterinsights_sitenote_category":0},"categories":[3,292],"tags":[],"_links":{"self":[{"href":"https:\/\/portaltvatosefatos.com.br\/index.php\/wp-json\/wp\/v2\/posts\/6254"}],"collection":[{"href":"https:\/\/portaltvatosefatos.com.br\/index.php\/wp-json\/wp\/v2\/posts"}],"about":[{"href":"https:\/\/portaltvatosefatos.com.br\/index.php\/wp-json\/wp\/v2\/types\/post"}],"author":[{"embeddable":true,"href":"https:\/\/portaltvatosefatos.com.br\/index.php\/wp-json\/wp\/v2\/users\/2"}],"replies":[{"embeddable":true,"href":"https:\/\/portaltvatosefatos.com.br\/index.php\/wp-json\/wp\/v2\/comments?post=6254"}],"version-history":[{"count":1,"href":"https:\/\/portaltvatosefatos.com.br\/index.php\/wp-json\/wp\/v2\/posts\/6254\/revisions"}],"predecessor-version":[{"id":6256,"href":"https:\/\/portaltvatosefatos.com.br\/index.php\/wp-json\/wp\/v2\/posts\/6254\/revisions\/6256"}],"wp:featuredmedia":[{"embeddable":true,"href":"https:\/\/portaltvatosefatos.com.br\/index.php\/wp-json\/wp\/v2\/media\/6255"}],"wp:attachment":[{"href":"https:\/\/portaltvatosefatos.com.br\/index.php\/wp-json\/wp\/v2\/media?parent=6254"}],"wp:term":[{"taxonomy":"category","embeddable":true,"href":"https:\/\/portaltvatosefatos.com.br\/index.php\/wp-json\/wp\/v2\/categories?post=6254"},{"taxonomy":"post_tag","embeddable":true,"href":"https:\/\/portaltvatosefatos.com.br\/index.php\/wp-json\/wp\/v2\/tags?post=6254"}],"curies":[{"name":"wp","href":"https:\/\/api.w.org\/{rel}","templated":true}]}}