{"id":6257,"date":"2026-03-16T20:08:35","date_gmt":"2026-03-16T23:08:35","guid":{"rendered":"https:\/\/portaltvatosefatos.com.br\/?p=6257"},"modified":"2026-03-16T20:08:37","modified_gmt":"2026-03-16T23:08:37","slug":"irpf-2026-tera-restituicao-automatica-para-pequenos-contribuintes","status":"publish","type":"post","link":"https:\/\/portaltvatosefatos.com.br\/index.php\/2026\/03\/16\/irpf-2026-tera-restituicao-automatica-para-pequenos-contribuintes\/","title":{"rendered":"IRPF 2026 ter\u00e1 restitui\u00e7\u00e3o autom\u00e1tica para pequenos contribuintes"},"content":{"rendered":"\n<p><strong>Contribuintes que tiveram pequenos valores de Imposto de Renda (IR) retidos na fonte e n\u00e3o fizerem a declara\u00e7\u00e3o receber\u00e3o automaticamente a restitui\u00e7\u00e3o<\/strong>. A novidade foi anunciada nesta segunda-feira (16) pela Receita Federal durante o an\u00fancio de regras da Declara\u00e7\u00e3o do Imposto de Renda Pessoa F\u00edsica (IRPF) de 2026.<img src=\"https:\/\/agenciabrasil.ebc.com.br\/ebc.png?id=1682032&amp;o=node\"><img src=\"https:\/\/agenciabrasil.ebc.com.br\/ebc.gif?id=1682032&amp;o=node\"><\/p>\n\n\n\n<p><strong>Ainda como projeto-piloto, o chamado Lote Especial de Restitui\u00e7\u00e3o Autom\u00e1tica de 2025 \u2013 Cashback IRPF ser\u00e1 pago em 15 de julho.<\/strong><\/p>\n\n\n\n<p>\u201cMuita gente tem direito \u00e0 restitui\u00e7\u00e3o e nem sabe\u201d, afirmou o Secret\u00e1rio Especial da Receita Federal do Brasil Robinson Barreirinhas.<\/p>\n\n\n\n<p>Segundo ele, se trata, por exemplo, de um trabalhador&nbsp;de renda menor, que \u00e9 isento de fazer a declara\u00e7\u00e3o, mas que, por alguma raz\u00e3o teve uma reten\u00e7\u00e3o em um determinado m\u00eas por receber um pouco a mais da fonte pagadora.<br>&nbsp;<\/p>\n\n\n\n<blockquote class=\"wp-block-quote\"><p>\u201cMas ele n\u00e3o \u00e9 obrigado a prestar declara\u00e7\u00e3o e nem lembra disso, e n\u00e3o recebe a restitui\u00e7\u00e3o\u201d, refor\u00e7ou. \u201cEnt\u00e3o, temos um piloto este ano para come\u00e7ar a dar a restitui\u00e7\u00e3o automaticamente\u201d, acrescentou.<\/p><\/blockquote>\n\n\n\n<p><strong>O prazo para&nbsp;<a href=\"https:\/\/agenciabrasil.ebc.com.br\/economia\/noticia\/2026-03\/prazo-para-enviar-declaracao-do-ir-comeca-na-proxima-segunda\" target=\"_blank\" rel=\"noreferrer noopener\">entrega da declara\u00e7\u00e3o do IRPF 2026<\/a>, ano-calend\u00e1rio de 2025, come\u00e7a na pr\u00f3xima segunda-feira (23) e vai at\u00e9 29 de maio.<\/strong><\/p>\n\n\n\n<p>Entre outros crit\u00e9rios, devem apresentar a declara\u00e7\u00e3o os contribuintes residentes no Brasil que receberam rendimentos tribut\u00e1veis superiores a R$ 35.584 em 2025.<\/p>\n\n\n\n<p>Sobre a nova faixa de isen\u00e7\u00e3o do Imposto de Renda para quem recebe at\u00e9 R$ 5 mil por m\u00eas, apesar de a medida ter entrado em vigor em 1\u00ba de janeiro, a&nbsp;<a href=\"https:\/\/agenciabrasil.ebc.com.br\/economia\/noticia\/2025-12\/isencao-de-ir-para-quem-ganha-ate-r-5-mil-entra-em-vigor\" target=\"_blank\" rel=\"noreferrer noopener\">mudan\u00e7a&nbsp;<\/a>n\u00e3o ter\u00e1 impacto na declara\u00e7\u00e3o entregue em 2026. Isso ocorre porque a declara\u00e7\u00e3o deste ano se refere aos rendimentos obtidos em 2025.<\/p>\n\n\n\n<p>Assim, a nova faixa de isen\u00e7\u00e3o s\u00f3 ter\u00e1 efeito pr\u00e1tico na declara\u00e7\u00e3o a ser apresentada em 2027. E estar isento do pagamento mensal do imposto n\u00e3o significa automaticamente estar dispensado de prestar contas ao Fisco, pois&nbsp;a obriga\u00e7\u00e3o de declarar depende tamb\u00e9m de outros crit\u00e9rios, como patrim\u00f4nio, investimentos e opera\u00e7\u00f5es financeiras.<\/p>\n\n\n\n<h2>Calend\u00e1rio<\/h2>\n\n\n\n<p>As restitui\u00e7\u00f5es do IR ser\u00e3o pagas em quatro lotes, sendo o primeiro em 29 de maio.<\/p>\n\n\n\n<p><strong>Confira, a seguir, o calend\u00e1rio completo de pagamento de restitui\u00e7\u00f5es:<\/strong><\/p>\n\n\n\n<ul><li>primeiro lote em 29 de maio de 2026;<\/li><li>segundo lote em 30 de junho de 2026;<\/li><li>terceiro lote em 31 de julho de 2026;<\/li><li>quarto lote em 28 de agosto de 2026.<\/li><\/ul>\n\n\n\n<h2>Tira-d\u00favidas<\/h2>\n\n\n\n<p>No ar desde 2023, a s\u00e9rie&nbsp;<a href=\"https:\/\/agenciabrasil.ebc.com.br\/radioagencia-nacional\/economia\/audio\/2026-03\/serie-tira-duvidas-sobre-como-declarar-o-imposto-de-renda-2026\" target=\"_blank\" rel=\"noreferrer noopener\">Tira-D\u00favidas do IR<\/a>, da&nbsp;<strong>Radioag\u00eancia Nacional<\/strong>, ter\u00e1 22 epis\u00f3dios em 2026. Os \u00e1udios ser\u00e3o exibidos pela&nbsp;<strong>R\u00e1dio Nacional<\/strong>&nbsp;e estar\u00e3o dispon\u00edveis na&nbsp;<strong>Radioag\u00eancia Nacional<\/strong>&nbsp;e&nbsp;<strong>Ag\u00eancia Brasil<\/strong>. De hoje at\u00e9 o \u00faltimo dia da declara\u00e7\u00e3o, os ve\u00edculos publicam epis\u00f3dios \u00e0s segundas e sextas-feiras.&nbsp;<\/p>\n\n\n\n<p>Fonte &#8211; Ag\u00eancia Brasil<\/p>\n","protected":false},"excerpt":{"rendered":"<p>Contribuintes que tiveram pequenos valores de Imposto de Renda (IR) retidos na fonte e n\u00e3o fizerem a declara\u00e7\u00e3o receber\u00e3o automaticamente a restitui\u00e7\u00e3o. A novidade foi anunciada nesta segunda-feira (16) pela Receita Federal durante o an\u00fancio de regras da Declara\u00e7\u00e3o do Imposto de Renda Pessoa F\u00edsica (IRPF) de 2026. Ainda como projeto-piloto, o chamado Lote Especial [&hellip;]<\/p>\n","protected":false},"author":2,"featured_media":6258,"comment_status":"open","ping_status":"open","sticky":false,"template":"","format":"standard","meta":{"_monsterinsights_skip_tracking":false,"_monsterinsights_sitenote_active":false,"_monsterinsights_sitenote_note":"","_monsterinsights_sitenote_category":0},"categories":[289,3],"tags":[],"_links":{"self":[{"href":"https:\/\/portaltvatosefatos.com.br\/index.php\/wp-json\/wp\/v2\/posts\/6257"}],"collection":[{"href":"https:\/\/portaltvatosefatos.com.br\/index.php\/wp-json\/wp\/v2\/posts"}],"about":[{"href":"https:\/\/portaltvatosefatos.com.br\/index.php\/wp-json\/wp\/v2\/types\/post"}],"author":[{"embeddable":true,"href":"https:\/\/portaltvatosefatos.com.br\/index.php\/wp-json\/wp\/v2\/users\/2"}],"replies":[{"embeddable":true,"href":"https:\/\/portaltvatosefatos.com.br\/index.php\/wp-json\/wp\/v2\/comments?post=6257"}],"version-history":[{"count":1,"href":"https:\/\/portaltvatosefatos.com.br\/index.php\/wp-json\/wp\/v2\/posts\/6257\/revisions"}],"predecessor-version":[{"id":6259,"href":"https:\/\/portaltvatosefatos.com.br\/index.php\/wp-json\/wp\/v2\/posts\/6257\/revisions\/6259"}],"wp:featuredmedia":[{"embeddable":true,"href":"https:\/\/portaltvatosefatos.com.br\/index.php\/wp-json\/wp\/v2\/media\/6258"}],"wp:attachment":[{"href":"https:\/\/portaltvatosefatos.com.br\/index.php\/wp-json\/wp\/v2\/media?parent=6257"}],"wp:term":[{"taxonomy":"category","embeddable":true,"href":"https:\/\/portaltvatosefatos.com.br\/index.php\/wp-json\/wp\/v2\/categories?post=6257"},{"taxonomy":"post_tag","embeddable":true,"href":"https:\/\/portaltvatosefatos.com.br\/index.php\/wp-json\/wp\/v2\/tags?post=6257"}],"curies":[{"name":"wp","href":"https:\/\/api.w.org\/{rel}","templated":true}]}}