{"id":6455,"date":"2026-04-26T14:50:20","date_gmt":"2026-04-26T17:50:20","guid":{"rendered":"https:\/\/portaltvatosefatos.com.br\/?p=6455"},"modified":"2026-04-26T14:50:21","modified_gmt":"2026-04-26T17:50:21","slug":"inauguracao-da-ponte-de-guaratuba-veja-como-vai-funcionar-o-evento-e-os-melhores-lugares-para-assistir","status":"publish","type":"post","link":"https:\/\/portaltvatosefatos.com.br\/index.php\/2026\/04\/26\/inauguracao-da-ponte-de-guaratuba-veja-como-vai-funcionar-o-evento-e-os-melhores-lugares-para-assistir\/","title":{"rendered":"Inaugura\u00e7\u00e3o da Ponte de Guaratuba: veja como vai funcionar o evento e os melhores lugares para assistir"},"content":{"rendered":"\n<p>A inaugura\u00e7\u00e3o da Ponte de Guaratuba ser\u00e1 no dia 29 de abril com uma grande festa voltada para a popula\u00e7\u00e3o do Litoral. O evento vai contar com dois momentos: uma cerim\u00f4nia com autoridades e respons\u00e1veis pela constru\u00e7\u00e3o, a partir das 16h, e um show de luzes, drone e fogos de artif\u00edcio para o p\u00fablico j\u00e1 mais perto do anoitecer, depois das 19h. A transmiss\u00e3o oficial acontecer\u00e1 na TV Paran\u00e1 Turismo e nas redes sociais do Governo do Paran\u00e1.<\/p>\n\n\n\n<p>A cerim\u00f4nia oficial de inaugura\u00e7\u00e3o vai ocorrer na cabeceira da ponte do lado de Guaratuba. Autoridades e convidados v\u00e3o participar do ato que marca o fim das obras e a entrega oficial, inclusive com a revela\u00e7\u00e3o do monumento que marca a obra.<\/p>\n\n\n\n<p>Logo ap\u00f3s a cerim\u00f4nia, o governador Carlos Massa Ratinho Junior e o vice-governador Darci Piana v\u00e3o hastear a bandeira do Paran\u00e1 perto da parte estaiada e em seguida haver\u00e1 um grande show de drones, fogos de artif\u00edcio e luzes.<\/p>\n\n\n\n<p>Na sequ\u00eancia, a popula\u00e7\u00e3o poder\u00e1 acessar a ponte pela primeira vez na hist\u00f3ria. A &#8220;tomada da ponte&#8221; pelos guaratubanos e matinhenses marca a conquista definitiva dos paranaenses com o novo investimento. Esse momento vai acontecer apenas ap\u00f3s o show por quest\u00f5es de seguran\u00e7a.<\/p>\n\n\n\n<p>A popula\u00e7\u00e3o poder\u00e1 continuar circulando pela estrutura at\u00e9 as 22h, quando ela ser\u00e1 fechada para desmobiliza\u00e7\u00e3o da estrutura. As for\u00e7as de seguran\u00e7a v\u00e3o orientar a movimenta\u00e7\u00e3o.<\/p>\n\n\n\n<p>A popula\u00e7\u00e3o das duas cidades est\u00e1 convidada para assistir ao show em Caieiras e na Prainha, que v\u00e3o ser os melhores locais para visualiza\u00e7\u00e3o completa da apresenta\u00e7\u00e3o.<\/p>\n\n\n\n<p>O ferry boat vai funcionar durante todo o dia 29 de abril e estar\u00e1 \u00e0 disposi\u00e7\u00e3o da popula\u00e7\u00e3o tamb\u00e9m no dia 30 de abril, mesmo ap\u00f3s a libera\u00e7\u00e3o do tr\u00e1fego de ve\u00edculos. As for\u00e7as de seguran\u00e7a, agentes das prefeituras e do Departamento de Estradas de Rodagem do Paran\u00e1 (DER\/PR) v\u00e3o orientar o tr\u00e2nsito e os fluxos necess\u00e1rios nos dois dias.<\/p>\n\n\n\n<p>A libera\u00e7\u00e3o para os ve\u00edculos vai acontecer no dia 30 de abril, logo no come\u00e7o da manh\u00e3, marcando o in\u00edcio definitivo da liga\u00e7\u00e3o que foi aguardada por d\u00e9cadas pela popula\u00e7\u00e3o do Paran\u00e1. Ao longo dos finais de semana de maio tamb\u00e9m v\u00e3o ocorrer outros eventos festivos envolvendo a Ponte de Guaratuba.<\/p>\n\n\n\n<p><strong>Informa\u00e7\u00f5es importantes:<\/strong><\/p>\n\n\n\n<p>&#8211; O acesso da popula\u00e7\u00e3o \u00e0 Ponte de Guaratuba vai acontecer apenas ap\u00f3s o show de fogos e drones. Antes disso haver\u00e3o bloqueios nas proximidades das cabeceiras.<\/p>\n\n\n\n<p>&#8211; Os locais mais indicados para a visualiza\u00e7\u00e3o dos shows s\u00e3o&nbsp;Caieiras e Prainha, que ter\u00e3o tel\u00f5es e arquibancadas.<\/p>\n\n\n\n<p>&#8211; O ferry boat continuar\u00e1 funcionando durante todo o per\u00edodo, mantendo o deslocamento entre os munic\u00edpios.<\/p>\n\n\n\n<p><strong>Confira imagens da reta final das obras:<\/strong>https:\/\/www.youtube.com\/embed\/BmWU1qcXbpA?autoplay=0&amp;start=0&amp;rel=0&amp;enablejsapi=1<\/p>\n\n\n\n<h3><br>Fonte &#8211; AEN<\/h3>\n\n\n\n<p><\/p>\n","protected":false},"excerpt":{"rendered":"<p>A inaugura\u00e7\u00e3o da Ponte de Guaratuba ser\u00e1 no dia 29 de abril com uma grande festa voltada para a popula\u00e7\u00e3o do Litoral. O evento vai contar com dois momentos: uma cerim\u00f4nia com autoridades e respons\u00e1veis pela constru\u00e7\u00e3o, a partir das 16h, e um show de luzes, drone e fogos de artif\u00edcio para o p\u00fablico j\u00e1 [&hellip;]<\/p>\n","protected":false},"author":2,"featured_media":6456,"comment_status":"open","ping_status":"open","sticky":false,"template":"","format":"standard","meta":{"_monsterinsights_skip_tracking":false,"_monsterinsights_sitenote_active":false,"_monsterinsights_sitenote_note":"","_monsterinsights_sitenote_category":0},"categories":[3,290],"tags":[],"_links":{"self":[{"href":"https:\/\/portaltvatosefatos.com.br\/index.php\/wp-json\/wp\/v2\/posts\/6455"}],"collection":[{"href":"https:\/\/portaltvatosefatos.com.br\/index.php\/wp-json\/wp\/v2\/posts"}],"about":[{"href":"https:\/\/portaltvatosefatos.com.br\/index.php\/wp-json\/wp\/v2\/types\/post"}],"author":[{"embeddable":true,"href":"https:\/\/portaltvatosefatos.com.br\/index.php\/wp-json\/wp\/v2\/users\/2"}],"replies":[{"embeddable":true,"href":"https:\/\/portaltvatosefatos.com.br\/index.php\/wp-json\/wp\/v2\/comments?post=6455"}],"version-history":[{"count":1,"href":"https:\/\/portaltvatosefatos.com.br\/index.php\/wp-json\/wp\/v2\/posts\/6455\/revisions"}],"predecessor-version":[{"id":6457,"href":"https:\/\/portaltvatosefatos.com.br\/index.php\/wp-json\/wp\/v2\/posts\/6455\/revisions\/6457"}],"wp:featuredmedia":[{"embeddable":true,"href":"https:\/\/portaltvatosefatos.com.br\/index.php\/wp-json\/wp\/v2\/media\/6456"}],"wp:attachment":[{"href":"https:\/\/portaltvatosefatos.com.br\/index.php\/wp-json\/wp\/v2\/media?parent=6455"}],"wp:term":[{"taxonomy":"category","embeddable":true,"href":"https:\/\/portaltvatosefatos.com.br\/index.php\/wp-json\/wp\/v2\/categories?post=6455"},{"taxonomy":"post_tag","embeddable":true,"href":"https:\/\/portaltvatosefatos.com.br\/index.php\/wp-json\/wp\/v2\/tags?post=6455"}],"curies":[{"name":"wp","href":"https:\/\/api.w.org\/{rel}","templated":true}]}}