{"id":6464,"date":"2026-04-27T06:23:57","date_gmt":"2026-04-27T09:23:57","guid":{"rendered":"https:\/\/portaltvatosefatos.com.br\/?p=6464"},"modified":"2026-04-27T06:23:58","modified_gmt":"2026-04-27T09:23:58","slug":"na-semana-mundial-da-imunizacao-estado-destaca-que-vacinas-sao-pacto-pela-vida","status":"publish","type":"post","link":"https:\/\/portaltvatosefatos.com.br\/index.php\/2026\/04\/27\/na-semana-mundial-da-imunizacao-estado-destaca-que-vacinas-sao-pacto-pela-vida\/","title":{"rendered":"Na Semana Mundial da Imuniza\u00e7\u00e3o, Estado destaca que vacinas s\u00e3o pacto pela vida"},"content":{"rendered":"\n<p>Sob o tema &#8220;Para cada gera\u00e7\u00e3o, as vacinas funcionam&#8221;, \u00e9 celebrada, entre os dias 24 e 30 de abril, a \u2018Semana Mundial da Imuniza\u00e7\u00e3o\u2019. A campanha de 2026 traz em sua tem\u00e1tica o refor\u00e7o da informa\u00e7\u00e3o de que a vacina\u00e7\u00e3o n\u00e3o \u00e9 apenas uma prote\u00e7\u00e3o individual, mas um escudo coletivo que garante um futuro mais saud\u00e1vel para crian\u00e7as, adultos e idosos.<\/p>\n\n\n\n<p>As vacinas s\u00e3o consideradas um dos maiores avan\u00e7os da ci\u00eancia moderna. De acordo com a Organiza\u00e7\u00e3o Mundial da Sa\u00fade (OMS), a imuniza\u00e7\u00e3o previne de 3,5 milh\u00f5es a 5 milh\u00f5es de mortes anualmente em todo o mundo e, al\u00e9m de salvar vidas, pode evitar sequelas permanentes, como as decorrentes da paralisia.<\/p>\n\n\n\n<ul><li><strong><a href=\"https:\/\/www.parana.pr.gov.br\/aen\/Noticia\/Ratinho-Junior-inaugura-Ambulatorio-de-Especialidades-em-Irati-e-autoriza-novo-Pronto\" target=\"_blank\" rel=\"noreferrer noopener\">Ratinho Junior inaugura Ambulat\u00f3rio de Especialidades em Irati e autoriza novo Pronto Atendimento<\/a><\/strong><\/li><\/ul>\n\n\n\n<p>\u201cAs vacinas funcionam \u00e0 medida que permitem ao nosso corpo identificar o v\u00edrus ou bact\u00e9ria invasores, sem o risco de contrairmos a infec\u00e7\u00e3o. Com esse contato com a vacina, nosso sistema imunol\u00f3gico produz anticorpos, que garantem que se formos expostos ao pat\u00f3geno no futuro, as nossas c\u00e9lulas v\u00e3o reconhecer esse invasor e iniciar a defesa\u201d, explicou o secret\u00e1rio de Estado da Sa\u00fade, C\u00e9sar Neves.<\/p>\n\n\n\n<p>Ainda segundo o secret\u00e1rio, a Semana Mundial de Imuniza\u00e7\u00e3o \u00e9 um chamado \u00e0 popula\u00e7\u00e3o para atualiza\u00e7\u00e3o do esquema vacinal. \u201c\u00c9 um lembrete para verificar se a caderneta de vacina\u00e7\u00e3o est\u00e1 em dia. \u00c9 uma iniciativa simples que refor\u00e7a o compromisso coletivo com a sa\u00fade\u201d, afirmou.<\/p>\n\n\n\n<ul><li><strong><a href=\"https:\/\/www.parana.pr.gov.br\/aen\/Noticia\/Com-investimento-de-R-21-milhoes-do-Estado-Sao-Mateus-do-Sul-ganha-novo-hospital\" target=\"_blank\" rel=\"noreferrer noopener\">Com investimento de R$ 21 milh\u00f5es do Estado, S\u00e3o Mateus do Sul ganha novo hospital<\/a><\/strong><\/li><\/ul>\n\n\n\n<p>O Programa Nacional de Imuniza\u00e7\u00e3o do Minist\u00e9rio da Sa\u00fade prev\u00ea vacina\u00e7\u00f5es essenciais \u00e0 coletividade, pois visam controlar doen\u00e7as de alto risco para a sa\u00fade p\u00fablica, algumas inclusive com hist\u00f3rico de surtos e epidemias.<\/p>\n\n\n\n<p>As vacinas integrantes do Calend\u00e1rio s\u00e3o disponibilizadas gratuitamente em mais de 1.800 salas de vacina\u00e7\u00e3o em todo o Paran\u00e1. Entre as principais vacinas est\u00e3o a BCG, que combate as formas graves de tuberculose; a vacina contra Hepatite B; a Pentavalente, que protege contra difteria, t\u00e9tano, coqueluche, hepatite B e Haemophilus influenzae b; as vacinas contra poliomielite, e Tr\u00edplice Viral, contra sarampo, caxumba e rub\u00e9ola, e a vacina contra febre amarela, aplicada em regi\u00f5es end\u00eamicas.<\/p>\n\n\n\n<p>Para atualizar sua carteirinha, basta procurar a Unidade B\u00e1sica de Sa\u00fade mais pr\u00f3xima. A vacina\u00e7\u00e3o \u00e9 gratuita, segura e um direito de todos.<\/p>\n\n\n\n<p>Fonte &#8211; AEN<\/p>\n","protected":false},"excerpt":{"rendered":"<p>Sob o tema &#8220;Para cada gera\u00e7\u00e3o, as vacinas funcionam&#8221;, \u00e9 celebrada, entre os dias 24 e 30 de abril, a \u2018Semana Mundial da Imuniza\u00e7\u00e3o\u2019. A campanha de 2026 traz em sua tem\u00e1tica o refor\u00e7o da informa\u00e7\u00e3o de que a vacina\u00e7\u00e3o n\u00e3o \u00e9 apenas uma prote\u00e7\u00e3o individual, mas um escudo coletivo que garante um futuro mais [&hellip;]<\/p>\n","protected":false},"author":2,"featured_media":6465,"comment_status":"open","ping_status":"open","sticky":false,"template":"","format":"standard","meta":{"_monsterinsights_skip_tracking":false,"_monsterinsights_sitenote_active":false,"_monsterinsights_sitenote_note":"","_monsterinsights_sitenote_category":0},"categories":[3,35],"tags":[],"_links":{"self":[{"href":"https:\/\/portaltvatosefatos.com.br\/index.php\/wp-json\/wp\/v2\/posts\/6464"}],"collection":[{"href":"https:\/\/portaltvatosefatos.com.br\/index.php\/wp-json\/wp\/v2\/posts"}],"about":[{"href":"https:\/\/portaltvatosefatos.com.br\/index.php\/wp-json\/wp\/v2\/types\/post"}],"author":[{"embeddable":true,"href":"https:\/\/portaltvatosefatos.com.br\/index.php\/wp-json\/wp\/v2\/users\/2"}],"replies":[{"embeddable":true,"href":"https:\/\/portaltvatosefatos.com.br\/index.php\/wp-json\/wp\/v2\/comments?post=6464"}],"version-history":[{"count":1,"href":"https:\/\/portaltvatosefatos.com.br\/index.php\/wp-json\/wp\/v2\/posts\/6464\/revisions"}],"predecessor-version":[{"id":6466,"href":"https:\/\/portaltvatosefatos.com.br\/index.php\/wp-json\/wp\/v2\/posts\/6464\/revisions\/6466"}],"wp:featuredmedia":[{"embeddable":true,"href":"https:\/\/portaltvatosefatos.com.br\/index.php\/wp-json\/wp\/v2\/media\/6465"}],"wp:attachment":[{"href":"https:\/\/portaltvatosefatos.com.br\/index.php\/wp-json\/wp\/v2\/media?parent=6464"}],"wp:term":[{"taxonomy":"category","embeddable":true,"href":"https:\/\/portaltvatosefatos.com.br\/index.php\/wp-json\/wp\/v2\/categories?post=6464"},{"taxonomy":"post_tag","embeddable":true,"href":"https:\/\/portaltvatosefatos.com.br\/index.php\/wp-json\/wp\/v2\/tags?post=6464"}],"curies":[{"name":"wp","href":"https:\/\/api.w.org\/{rel}","templated":true}]}}