{"id":6479,"date":"2026-04-30T06:29:31","date_gmt":"2026-04-30T09:29:31","guid":{"rendered":"https:\/\/portaltvatosefatos.com.br\/?p=6479"},"modified":"2026-04-30T06:29:33","modified_gmt":"2026-04-30T09:29:33","slug":"estado-faz-audiencia-publica-sobre-projeto-de-energia-que-beneficiara-18-mil-escolas","status":"publish","type":"post","link":"https:\/\/portaltvatosefatos.com.br\/index.php\/2026\/04\/30\/estado-faz-audiencia-publica-sobre-projeto-de-energia-que-beneficiara-18-mil-escolas\/","title":{"rendered":"Estado faz audi\u00eancia p\u00fablica sobre projeto de energia que beneficiar\u00e1 1,8 mil escolas"},"content":{"rendered":"\n<p><strong>A Secretaria de Estado da Educa\u00e7\u00e3o (Seed-PR) realiza, nesta quarta-feira (29), uma audi\u00eancia p\u00fablica para apresenta\u00e7\u00e3o do projeto que visa \u00e0 contrata\u00e7\u00e3o de solu\u00e7\u00e3o de Gera\u00e7\u00e3o Distribu\u00edda de energia para 1.889 escolas da rede estadual paranaense. O encontro ser\u00e1 virtual, com transmiss\u00e3o ao vivo pelo&nbsp;<a href=\"https:\/\/www.youtube.com\/live\/zGlB3PnH5Jk\" target=\"_blank\" rel=\"noreferrer noopener\">Canal do Professor,<\/a>&nbsp;a partir das 14h.<\/strong><\/p>\n\n\n\n<p>\u201cO sistema de Gera\u00e7\u00e3o Distribu\u00edda vai permitir uma solu\u00e7\u00e3o sustent\u00e1vel de fornecimento de energia, ao mesmo tempo que trar\u00e1 economia ao Governo do Estado\u201d, explica o Secret\u00e1rio de Estado da Educa\u00e7\u00e3o, Roni Miranda. \u201cPor isso, \u00e9 muito importante que a popula\u00e7\u00e3o paranaense e os membros da comunidade participem da Audi\u00eancia P\u00fablica para que possam contribuir com o projeto\u201d.<\/p>\n\n\n\n<p>O sistema de Gera\u00e7\u00e3o Distribu\u00edda \u00e9 uma solu\u00e7\u00e3o que consiste na instala\u00e7\u00e3o de uma pequena central geradora de energia el\u00e9trica conectada \u00e0 rede de distribui\u00e7\u00e3o existente. Essa central tamb\u00e9m \u00e9 capaz de armazenar a energia gerada \u2013 normalmente a partir de fontes renov\u00e1veis, como a solar.<\/p>\n\n\n\n<p>Uma vez armazenada, essa energia ajuda a melhorar a seguran\u00e7a do abastecimento e tamb\u00e9m pode gerar abatimento sobre o consumo de energia. \u00c9 como se a unidade consumidora acumulasse cr\u00e9ditos que s\u00e3o ent\u00e3o convertidos em desconto na fatura mensal.<\/p>\n\n\n\n<p>O projeto prev\u00ea a implanta\u00e7\u00e3o do sistema em at\u00e9 1.889 escolas utilizando usinas dedicadas, locais ou remotas, gerando energia renov\u00e1vel e compensando o consumo das unidades. Considerando o gasto anual m\u00e9dio das escolas paranaenses, o sistema pode gerar uma economia anual de quase R$ 15 milh\u00f5es em gastos com energia.<\/p>\n\n\n\n<p><strong>PARTICIPA\u00c7\u00c3O&nbsp;<\/strong>\u2013<strong>&nbsp;<\/strong>A audi\u00eancia p\u00fablica \u00e9 um instrumento participativo que tem o objetivo de promover a interlocu\u00e7\u00e3o entre cidad\u00e3os, organiza\u00e7\u00f5es da sociedade civil e o Poder P\u00fablico. Podem participar pessoas f\u00edsicas e jur\u00eddicas que desejem esclarecer d\u00favidas, apresentar opini\u00f5es ou contribuir com sugest\u00f5es na defini\u00e7\u00e3o de crit\u00e9rios do processo licitat\u00f3rio. Os interessados podem conferir o edital&nbsp;completo na<a href=\"https:\/\/www.educacao.pr.gov.br\/audiencia-publica\" target=\"_blank\" rel=\"noreferrer noopener\">&nbsp;p\u00e1gina da Secretaria de Educa\u00e7\u00e3o.<\/a><\/p>\n\n\n\n<p>Os questionamentos e contribui\u00e7\u00f5es ser\u00e3o respondidos ap\u00f3s a Audi\u00eancia, em publica\u00e7\u00e3o que estar\u00e1 dispon\u00edvel no&nbsp;Sistema de&nbsp;<a href=\"https:\/\/www.gms.pr.gov.br\/\" target=\"_blank\" rel=\"noreferrer noopener\">Gest\u00e3o de Obras, Materiais e Servi\u00e7os (GMS)&nbsp;<\/a>ap\u00f3s avalia\u00e7\u00e3o da \u00e1rea t\u00e9cnica.&nbsp;<\/p>\n\n\n\n<p>Fonte &#8211; AEN<\/p>\n","protected":false},"excerpt":{"rendered":"<p>A Secretaria de Estado da Educa\u00e7\u00e3o (Seed-PR) realiza, nesta quarta-feira (29), uma audi\u00eancia p\u00fablica para apresenta\u00e7\u00e3o do projeto que visa \u00e0 contrata\u00e7\u00e3o de solu\u00e7\u00e3o de Gera\u00e7\u00e3o Distribu\u00edda de energia para 1.889 escolas da rede estadual paranaense. O encontro ser\u00e1 virtual, com transmiss\u00e3o ao vivo pelo&nbsp;Canal do Professor,&nbsp;a partir das 14h. \u201cO sistema de Gera\u00e7\u00e3o Distribu\u00edda [&hellip;]<\/p>\n","protected":false},"author":2,"featured_media":6480,"comment_status":"open","ping_status":"open","sticky":false,"template":"","format":"standard","meta":{"_monsterinsights_skip_tracking":false,"_monsterinsights_sitenote_active":false,"_monsterinsights_sitenote_note":"","_monsterinsights_sitenote_category":0},"categories":[3,290],"tags":[],"_links":{"self":[{"href":"https:\/\/portaltvatosefatos.com.br\/index.php\/wp-json\/wp\/v2\/posts\/6479"}],"collection":[{"href":"https:\/\/portaltvatosefatos.com.br\/index.php\/wp-json\/wp\/v2\/posts"}],"about":[{"href":"https:\/\/portaltvatosefatos.com.br\/index.php\/wp-json\/wp\/v2\/types\/post"}],"author":[{"embeddable":true,"href":"https:\/\/portaltvatosefatos.com.br\/index.php\/wp-json\/wp\/v2\/users\/2"}],"replies":[{"embeddable":true,"href":"https:\/\/portaltvatosefatos.com.br\/index.php\/wp-json\/wp\/v2\/comments?post=6479"}],"version-history":[{"count":1,"href":"https:\/\/portaltvatosefatos.com.br\/index.php\/wp-json\/wp\/v2\/posts\/6479\/revisions"}],"predecessor-version":[{"id":6481,"href":"https:\/\/portaltvatosefatos.com.br\/index.php\/wp-json\/wp\/v2\/posts\/6479\/revisions\/6481"}],"wp:featuredmedia":[{"embeddable":true,"href":"https:\/\/portaltvatosefatos.com.br\/index.php\/wp-json\/wp\/v2\/media\/6480"}],"wp:attachment":[{"href":"https:\/\/portaltvatosefatos.com.br\/index.php\/wp-json\/wp\/v2\/media?parent=6479"}],"wp:term":[{"taxonomy":"category","embeddable":true,"href":"https:\/\/portaltvatosefatos.com.br\/index.php\/wp-json\/wp\/v2\/categories?post=6479"},{"taxonomy":"post_tag","embeddable":true,"href":"https:\/\/portaltvatosefatos.com.br\/index.php\/wp-json\/wp\/v2\/tags?post=6479"}],"curies":[{"name":"wp","href":"https:\/\/api.w.org\/{rel}","templated":true}]}}