{"id":6486,"date":"2026-05-01T19:36:41","date_gmt":"2026-05-01T22:36:41","guid":{"rendered":"https:\/\/portaltvatosefatos.com.br\/?p=6486"},"modified":"2026-05-01T19:36:43","modified_gmt":"2026-05-01T22:36:43","slug":"entidades-do-setor-produtivo-cobram-cortes-maiores-da-selic","status":"publish","type":"post","link":"https:\/\/portaltvatosefatos.com.br\/index.php\/2026\/05\/01\/entidades-do-setor-produtivo-cobram-cortes-maiores-da-selic\/","title":{"rendered":"Entidades do setor produtivo cobram cortes maiores da Selic"},"content":{"rendered":"\n<p><strong>A redu\u00e7\u00e3o de 0,25 ponto percentual na taxa b\u00e1sica de juros, anunciada pelo Comit\u00ea de Pol\u00edtica Monet\u00e1ria (Copom), foi considerada insuficiente por entidades do setor produtivo e por representantes sindicais, que apontam efeitos negativos sobre investimentos, consumo e renda.<\/strong><img src=\"https:\/\/agenciabrasil.ebc.com.br\/ebc.png?id=1687754&amp;o=node\"><img src=\"https:\/\/agenciabrasil.ebc.com.br\/ebc.gif?id=1687754&amp;o=node\"><\/p>\n\n\n\n<p><a href=\"https:\/\/agenciabrasil.ebc.com.br\/economia\/noticia\/2026-04\/banco-central-reduz-juros-basicos-para-145-ao-ano\" target=\"_blank\" rel=\"noreferrer noopener\">A Selic foi reduzida de 14,75% para 14,50% ao ano<\/a>, mas, na avalia\u00e7\u00e3o dessas institui\u00e7\u00f5es, o n\u00edvel ainda elevado dos juros continua pressionando a economia.<\/p>\n\n\n\n<h2>Ind\u00fastria<\/h2>\n\n\n\n<p>A Confedera\u00e7\u00e3o Nacional da Ind\u00fastria (CNI) avalia que o corte foi t\u00edmido e mant\u00e9m o custo do cr\u00e9dito em patamar elevado. Para a entidade, isso compromete investimentos e a competitividade do setor produtivo.<\/p>\n\n\n\n<blockquote class=\"wp-block-quote\"><p>\u201cO custo do capital continuar\u00e1 em um n\u00edvel proibitivo, inviabilizando projetos e investimentos que poderiam ampliar a competitividade industrial\u201d, afirmou o presidente da CNI, Ricardo Alban.<\/p><\/blockquote>\n\n\n\n<p>A entidade tamb\u00e9m aponta deteriora\u00e7\u00e3o financeira de empresas e fam\u00edlias. \u201cO endividamento das empresas e das fam\u00edlias bate recorde m\u00eas a m\u00eas, fragilizando a sa\u00fade financeira de toda a economia\u201d, completou.<\/p>\n\n\n\n<h2>Com\u00e9rcio<\/h2>\n\n\n\n<p>A Associa\u00e7\u00e3o Paulista de Supermercados (APAS) tamb\u00e9m considera que o Banco Central poderia ter adotado uma redu\u00e7\u00e3o mais significativa da taxa de juros.<\/p>\n\n\n\n<p>\u201cO Banco Central, desde a \u00faltima reuni\u00e3o, j\u00e1 poderia ter ampliado o afrouxamento monet\u00e1rio\u201d, afirmou o economista-chefe da entidade, Felipe Queiroz.<\/p>\n\n\n\n<p><strong>Segundo Queiroz, o atual patamar da Selic penaliza a atividade econ\u00f4mica.<\/strong>&nbsp;\u201cEstamos vendo muitas empresas entrando em recupera\u00e7\u00e3o judicial, endividamento das fam\u00edlias aumentando e o custo com o servi\u00e7o da d\u00edvida tamb\u00e9m\u201d, disse.<\/p>\n\n\n\n<p>A entidade tamb\u00e9m destaca o efeito dos juros sobre os investimentos. \u201cH\u00e1 um est\u00edmulo muito grande ao capital especulativo, em detrimento do setor produtivo\u201d, avaliou.<\/p>\n\n\n\n<h2>Centrais sindicais<\/h2>\n\n\n\n<p>A Confedera\u00e7\u00e3o Nacional dos Trabalhadores do Ramo Financeiro da Central \u00danica dos Trabalhadores (Contraf-CUT) critica o ritmo de queda da Selic e afirma que a pol\u00edtica monet\u00e1ria tem impacto direto sobre a renda da popula\u00e7\u00e3o.<\/p>\n\n\n\n<blockquote class=\"wp-block-quote\"><p>\u201cA redu\u00e7\u00e3o de 0,25% \u00e9 muito pouco. O n\u00edvel de endividamento das fam\u00edlias est\u00e1 enorme\u201d, afirmou a presidenta da entidade, Juvandia Moreira.<\/p><\/blockquote>\n\n\n\n<p>Ela ressalta que a taxa b\u00e1sica influencia todo o sistema financeiro. \u201cQuando a Selic sobe, os bancos cobram mais caro no cr\u00e9dito. Quando cai, o cr\u00e9dito fica mais barato, mas essa redu\u00e7\u00e3o ainda \u00e9 insuficiente\u201d, disse.<\/p>\n\n\n\n<p>A For\u00e7a Sindical tamb\u00e9m classificou a decis\u00e3o como insuficiente e destacou impactos negativos sobre a economia.<\/p>\n\n\n\n<p>\u201cA redu\u00e7\u00e3o foi t\u00edmida e mant\u00e9m os juros em patamar elevado\u201d, afirmou a entidade em nota.<\/p>\n\n\n\n<p>Segundo a central, a pol\u00edtica de juros altos afeta diretamente o crescimento do pa\u00eds. \u201cOs juros restringem investimentos, freiam a produ\u00e7\u00e3o e comprometem a gera\u00e7\u00e3o de empregos e renda\u201d, destacou.<\/p>\n\n\n\n<p>A entidade tamb\u00e9m relaciona o cen\u00e1rio ao endividamento das fam\u00edlias. \u201cO alto n\u00edvel de endividamento est\u00e1 diretamente ligado ao custo elevado do cr\u00e9dito\u201d, concluiu.<\/p>\n\n\n\n<h2>Press\u00e3o por novos cortes<\/h2>\n\n\n\n<p><strong>Apesar de representarem setores diferentes, as entidades convergem na avalia\u00e7\u00e3o de que h\u00e1 espa\u00e7o para uma redu\u00e7\u00e3o mais acelerada da taxa b\u00e1sica de juros.<\/strong><\/p>\n\n\n\n<p>O ponto em comum entre ind\u00fastria, com\u00e9rcio e representantes dos trabalhadores \u00e9 o diagn\u00f3stico de que o atual n\u00edvel da Selic ainda imp\u00f5e restri\u00e7\u00f5es relevantes ao crescimento econ\u00f4mico, ao cr\u00e9dito e ao consumo no pa\u00eds.<\/p>\n\n\n\n<p>Fonte &#8211; Ag\u00eancia Brasil<\/p>\n","protected":false},"excerpt":{"rendered":"<p>A redu\u00e7\u00e3o de 0,25 ponto percentual na taxa b\u00e1sica de juros, anunciada pelo Comit\u00ea de Pol\u00edtica Monet\u00e1ria (Copom), foi considerada insuficiente por entidades do setor produtivo e por representantes sindicais, que apontam efeitos negativos sobre investimentos, consumo e renda. A Selic foi reduzida de 14,75% para 14,50% ao ano, mas, na avalia\u00e7\u00e3o dessas institui\u00e7\u00f5es, o [&hellip;]<\/p>\n","protected":false},"author":2,"featured_media":6487,"comment_status":"open","ping_status":"open","sticky":false,"template":"","format":"standard","meta":{"_monsterinsights_skip_tracking":false,"_monsterinsights_sitenote_active":false,"_monsterinsights_sitenote_note":"","_monsterinsights_sitenote_category":0},"categories":[289,3],"tags":[],"_links":{"self":[{"href":"https:\/\/portaltvatosefatos.com.br\/index.php\/wp-json\/wp\/v2\/posts\/6486"}],"collection":[{"href":"https:\/\/portaltvatosefatos.com.br\/index.php\/wp-json\/wp\/v2\/posts"}],"about":[{"href":"https:\/\/portaltvatosefatos.com.br\/index.php\/wp-json\/wp\/v2\/types\/post"}],"author":[{"embeddable":true,"href":"https:\/\/portaltvatosefatos.com.br\/index.php\/wp-json\/wp\/v2\/users\/2"}],"replies":[{"embeddable":true,"href":"https:\/\/portaltvatosefatos.com.br\/index.php\/wp-json\/wp\/v2\/comments?post=6486"}],"version-history":[{"count":1,"href":"https:\/\/portaltvatosefatos.com.br\/index.php\/wp-json\/wp\/v2\/posts\/6486\/revisions"}],"predecessor-version":[{"id":6488,"href":"https:\/\/portaltvatosefatos.com.br\/index.php\/wp-json\/wp\/v2\/posts\/6486\/revisions\/6488"}],"wp:featuredmedia":[{"embeddable":true,"href":"https:\/\/portaltvatosefatos.com.br\/index.php\/wp-json\/wp\/v2\/media\/6487"}],"wp:attachment":[{"href":"https:\/\/portaltvatosefatos.com.br\/index.php\/wp-json\/wp\/v2\/media?parent=6486"}],"wp:term":[{"taxonomy":"category","embeddable":true,"href":"https:\/\/portaltvatosefatos.com.br\/index.php\/wp-json\/wp\/v2\/categories?post=6486"},{"taxonomy":"post_tag","embeddable":true,"href":"https:\/\/portaltvatosefatos.com.br\/index.php\/wp-json\/wp\/v2\/tags?post=6486"}],"curies":[{"name":"wp","href":"https:\/\/api.w.org\/{rel}","templated":true}]}}