{"id":6489,"date":"2026-05-01T19:43:17","date_gmt":"2026-05-01T22:43:17","guid":{"rendered":"https:\/\/portaltvatosefatos.com.br\/?p=6489"},"modified":"2026-05-01T19:43:19","modified_gmt":"2026-05-01T22:43:19","slug":"perseveranca-venceu-o-impossivel-diz-ratinho-junior-na-inauguracao-da-ponte-de-guaratuba","status":"publish","type":"post","link":"https:\/\/portaltvatosefatos.com.br\/index.php\/2026\/05\/01\/perseveranca-venceu-o-impossivel-diz-ratinho-junior-na-inauguracao-da-ponte-de-guaratuba\/","title":{"rendered":"\u201cPerseveran\u00e7a venceu o imposs\u00edvel\u201d, diz Ratinho Junior na inaugura\u00e7\u00e3o da Ponte de Guaratuba"},"content":{"rendered":"\n<p>A entrega da Ponte de Guaratuba, nesta sexta-feira (1\u00ba), foi apresentada pelo governador Carlos Massa Ratinho Junior como a materializa\u00e7\u00e3o de um desejo hist\u00f3rico do Paran\u00e1 e um marco de transforma\u00e7\u00e3o para o Litoral. Ele afirmou que a obra \u00e9 resultado de planejamento, articula\u00e7\u00e3o institucional e supera\u00e7\u00e3o de obst\u00e1culos que por d\u00e9cadas impediram sua execu\u00e7\u00e3o.<\/p>\n\n\n\n<p>\u201cHoje \u00e9 um dia daqueles que marcam a vida de gera\u00e7\u00f5es. \u00c9 o dia onde a perseveran\u00e7a venceu aquilo que era considerado imposs\u00edvel\u201d, afirmou o governador. \u201cEstamos falando de um desejo de mais de meio s\u00e9culo que se concretiza hoje.\u201d<\/p>\n\n\n\n<p>Ratinho Junior ressaltou que a viabiliza\u00e7\u00e3o da ponte exigiu enfrentamento de desafios t\u00e9cnicos, ambientais, jur\u00eddicos e administrativos. \u201cFoi um caminho \u00e1rduo para vencermos obst\u00e1culos burocr\u00e1ticos, discuss\u00f5es t\u00e9cnicas ambientais, de engenharia e interesses econ\u00f4micos. Mas hoje, acima de tudo, \u00e9 uma vit\u00f3ria da popula\u00e7\u00e3o do Paran\u00e1\u201d, disse.<\/p>\n\n\n\n<p>Com 1.240 metros de extens\u00e3o, quatro faixas de tr\u00e1fego, ciclovia e \u00e1reas para pedestres, a estrutura recebeu investimento superior a R$ 400 milh\u00f5es e passa a substituir gradualmente a travessia por ferry boat, reduzindo o tempo de deslocamento entre Guaratuba e Matinhos para apenas cerca de dois minutos.&nbsp;<\/p>\n\n\n\n<ul><li><a href=\"https:\/\/www.parana.pr.gov.br\/aen\/Noticia\/Operarios-da-Ponte-de-Guaratuba-festejam-entrega-da-estrutura-no-Dia-do-Trabalhador\" target=\"_blank\" rel=\"noreferrer noopener\"><strong>Oper\u00e1rios da Ponte de Guaratuba festejam entrega da estrutura no Dia do Trabalhador<\/strong><\/a><\/li><\/ul>\n\n\n\n<p><strong>INTEGRA\u00c7\u00c3O E DESENVOLVIMENTO &#8211;&nbsp;<\/strong>O governador afirmou que a entrega da ponte abre uma nova etapa para o Litoral do Paran\u00e1 e representa uma mudan\u00e7a na din\u00e2mica de desenvolvimento da regi\u00e3o. \u201cA partir de amanh\u00e3, teremos uma nova p\u00e1gina no Litoral. Essa obra nos d\u00e1 a oportunidade de mudar a hist\u00f3ria da regi\u00e3o\u201d, disse.<\/p>\n\n\n\n<p>Ele destacou que os efeitos econ\u00f4micos j\u00e1 come\u00e7am a ser percebidos antes mesmo da conclus\u00e3o. \u201cTemos mais de 40 edif\u00edcios sendo levantados em Guaratuba, al\u00e9m de muitos outros em Matinhos. Isso gera empregos, fortalece o com\u00e9rcio, abre restaurantes, pousadas e hot\u00e9is. Entramos definitivamente no circuito do turismo de litoral do pa\u00eds\u201d, afirmou.<\/p>\n\n\n\n<p>Segundo o governador, a obra contribui para impulsionar investimentos, ampliar a atividade econ\u00f4mica e fortalecer o turismo na regi\u00e3o, dentro de um processo de transforma\u00e7\u00e3o j\u00e1 em curso no Litoral.<\/p>\n\n\n\n<ul><li><a href=\"https:\/\/www.parana.pr.gov.br\/aen\/Noticia\/Painel-artistico-de-7-metros-de-altura-eterniza-Ponte-de-Guaratuba-em-azulejos\" target=\"_blank\" rel=\"noreferrer noopener\"><strong>Painel art\u00edstico de 7 metros de altura eterniza a Ponte de Guaratuba em azulejos<\/strong><\/a><\/li><\/ul>\n\n\n\n<p><strong>PLANEJAMENTO E EXECU\u00c7\u00c3O &#8211;&nbsp;<\/strong>Ratinho Junior tamb\u00e9m enfatizou o modelo de gest\u00e3o adotado para viabilizar e executar a obra, destacando o planejamento t\u00e9cnico e a organiza\u00e7\u00e3o administrativa como fatores determinantes para o cumprimento antecipado do cronograma.<\/p>\n\n\n\n<p>\u201cConseguimos entregar antes do prazo: era uma obra para tr\u00eas anos e estamos entregando em um ano, 11 meses e 29 dias. Trabalharam aqui mil oper\u00e1rios, 24 horas por dia. \u00c9 fruto de planejamento, organiza\u00e7\u00e3o e vontade\u201d, afirmou.<\/p>\n\n\n\n<p>Ele destacou ainda que a estrutura\u00e7\u00e3o do projeto, com a elabora\u00e7\u00e3o de um termo de refer\u00eancia adequado e a contrata\u00e7\u00e3o de um cons\u00f3rcio de empresas com capacidade t\u00e9cnica, garantiu seguran\u00e7a para a execu\u00e7\u00e3o da obra.<\/p>\n\n\n\n<p>O governador tamb\u00e9m ressaltou o papel das institui\u00e7\u00f5es no processo, incluindo \u00f3rg\u00e3os ambientais, Assembleia Legislativa, Tribunal de Justi\u00e7a e equipes t\u00e9cnicas envolvidas no licenciamento e acompanhamento do projeto.<\/p>\n\n\n\n<p><strong>ESTRAT\u00c9GIA DE INFRAESTRUTURA &#8211;<\/strong>&nbsp;Ratinho Junior associou a entrega da ponte a uma estrat\u00e9gia mais ampla de investimentos p\u00fablicos, voltada \u00e0 moderniza\u00e7\u00e3o da infraestrutura e ao desenvolvimento regional.<\/p>\n\n\n\n<p>Segundo ele, a obra integra um conjunto de a\u00e7\u00f5es no Litoral que buscam atrair investimentos, gerar oportunidades e melhorar a qualidade de vida da popula\u00e7\u00e3o, refor\u00e7ando o papel da infraestrutura como indutora do crescimento econ\u00f4mico.<\/p>\n\n\n\n<p>O governador tamb\u00e9m afirmou que a execu\u00e7\u00e3o da ponte demonstra a capacidade do Estado de realizar grandes obras, mesmo diante de desafios complexos, e citou como exemplo a supera\u00e7\u00e3o de entraves hist\u00f3ricos que, por d\u00e9cadas, impediram o avan\u00e7o do projeto.<\/p>\n\n\n\n<p><strong>MARCO DA GEST\u00c3O &#8211;&nbsp;<\/strong>Ao encerrar, Ratinho Junior refor\u00e7ou que a entrega da Ponte de Guaratuba representa um marco para o Paran\u00e1 e sintetiza uma diretriz de governo baseada em planejamento e execu\u00e7\u00e3o de obras estruturantes.<\/p>\n\n\n\n<p>Segundo ele, a iniciativa contribui para consolidar o Litoral como uma regi\u00e3o estrat\u00e9gica para novos investimentos e para o desenvolvimento econ\u00f4mico do Estado.<\/p>\n\n\n\n<p><\/p>\n\n\n\n<p>Fonte &#8211; AEN<\/p>\n","protected":false},"excerpt":{"rendered":"<p>A entrega da Ponte de Guaratuba, nesta sexta-feira (1\u00ba), foi apresentada pelo governador Carlos Massa Ratinho Junior como a materializa\u00e7\u00e3o de um desejo hist\u00f3rico do Paran\u00e1 e um marco de transforma\u00e7\u00e3o para o Litoral. Ele afirmou que a obra \u00e9 resultado de planejamento, articula\u00e7\u00e3o institucional e supera\u00e7\u00e3o de obst\u00e1culos que por d\u00e9cadas impediram sua execu\u00e7\u00e3o. [&hellip;]<\/p>\n","protected":false},"author":2,"featured_media":6490,"comment_status":"open","ping_status":"open","sticky":false,"template":"","format":"standard","meta":{"_monsterinsights_skip_tracking":false,"_monsterinsights_sitenote_active":false,"_monsterinsights_sitenote_note":"","_monsterinsights_sitenote_category":0},"categories":[3,290],"tags":[],"_links":{"self":[{"href":"https:\/\/portaltvatosefatos.com.br\/index.php\/wp-json\/wp\/v2\/posts\/6489"}],"collection":[{"href":"https:\/\/portaltvatosefatos.com.br\/index.php\/wp-json\/wp\/v2\/posts"}],"about":[{"href":"https:\/\/portaltvatosefatos.com.br\/index.php\/wp-json\/wp\/v2\/types\/post"}],"author":[{"embeddable":true,"href":"https:\/\/portaltvatosefatos.com.br\/index.php\/wp-json\/wp\/v2\/users\/2"}],"replies":[{"embeddable":true,"href":"https:\/\/portaltvatosefatos.com.br\/index.php\/wp-json\/wp\/v2\/comments?post=6489"}],"version-history":[{"count":1,"href":"https:\/\/portaltvatosefatos.com.br\/index.php\/wp-json\/wp\/v2\/posts\/6489\/revisions"}],"predecessor-version":[{"id":6491,"href":"https:\/\/portaltvatosefatos.com.br\/index.php\/wp-json\/wp\/v2\/posts\/6489\/revisions\/6491"}],"wp:featuredmedia":[{"embeddable":true,"href":"https:\/\/portaltvatosefatos.com.br\/index.php\/wp-json\/wp\/v2\/media\/6490"}],"wp:attachment":[{"href":"https:\/\/portaltvatosefatos.com.br\/index.php\/wp-json\/wp\/v2\/media?parent=6489"}],"wp:term":[{"taxonomy":"category","embeddable":true,"href":"https:\/\/portaltvatosefatos.com.br\/index.php\/wp-json\/wp\/v2\/categories?post=6489"},{"taxonomy":"post_tag","embeddable":true,"href":"https:\/\/portaltvatosefatos.com.br\/index.php\/wp-json\/wp\/v2\/tags?post=6489"}],"curies":[{"name":"wp","href":"https:\/\/api.w.org\/{rel}","templated":true}]}}