{"id":6492,"date":"2026-05-02T18:42:57","date_gmt":"2026-05-02T21:42:57","guid":{"rendered":"https:\/\/portaltvatosefatos.com.br\/?p=6492"},"modified":"2026-05-02T18:42:58","modified_gmt":"2026-05-02T21:42:58","slug":"governador-nomeia-novos-secretarios-de-cidades-turismo-e-planejamento","status":"publish","type":"post","link":"https:\/\/portaltvatosefatos.com.br\/index.php\/2026\/05\/02\/governador-nomeia-novos-secretarios-de-cidades-turismo-e-planejamento\/","title":{"rendered":"Governador nomeia novos secret\u00e1rios de Cidades, Turismo e Planejamento"},"content":{"rendered":"\n<p>O governador Carlos Massa Ratinho Junior assinou quinta-feira (30) as nomea\u00e7\u00f5es de Fernando Giacobo para a Secretaria de Estado das Cidades (Secid), Luciano Bartolomeu para a Secretaria de Estado do Turismo (Setu) e&nbsp;Clemeson Aparecido da Silva para a Secretaria do Planejamento (SEPL).<\/p>\n\n\n\n<p>Fernando Giacobo \u00e9 empres\u00e1rio e pol\u00edtico. Natural de Pato Branco, ele \u00e9 formado em Tecnologia em Gest\u00e3o de Recursos Humanos e tem trajet\u00f3ria consolidada na C\u00e2mara dos Deputados, onde exerce seu sexto mandato como deputado federal. Ao longo da carreira, foi eleito sucessivamente desde 2003.<\/p>\n\n\n\n<p>Tamb\u00e9m ocupou fun\u00e7\u00f5es de destaque na Mesa Diretora da C\u00e2mara, como 2\u00ba vice-presidente no bi\u00eanio 2015-2017 e 1\u00ba secret\u00e1rio entre 2017 e 2019. Mais recentemente, exerceu a lideran\u00e7a da Minoria no Congresso Nacional, ampliando sua atua\u00e7\u00e3o na articula\u00e7\u00e3o pol\u00edtica em n\u00edvel federal.<\/p>\n\n\n\n<p>\u00c0 frente da Secretaria das Cidades, Giacobo ter\u00e1 a miss\u00e3o de dar continuidade \u00e0s pol\u00edticas de parceria com os munic\u00edpios para investimentos em infraestrutura urbana. Um dos principais programas \u00e9 o Asfalto Novo, Vida Nova, que j\u00e1 ultrapassa 550 quil\u00f4metros de vias pavimentadas e R$ 1,3 bilh\u00e3o em investimentos, com mais de 3,5 mil ruas atendidas em cidades de todas as regi\u00f5es.<\/p>\n\n\n\n<ul><li><a href=\"https:\/\/www.parana.pr.gov.br\/aen\/Noticia\/Parana-se-mantem-no-topo-dos-estados-que-mais-crescem-no-Brasil-aponta-Banco-Central\" target=\"_blank\" rel=\"noreferrer noopener\"><strong>Paran\u00e1 se mant\u00e9m no topo dos estados que mais crescem no Brasil, aponta Banco Central<\/strong><\/a><\/li><\/ul>\n\n\n\n<p>Luciano Bartolomeu tem atua\u00e7\u00e3o voltada \u00e0 gest\u00e3o estrat\u00e9gica do setor de alimenta\u00e7\u00e3o fora do lar. Graduado pela Universidade Positivo, exerce atualmente a fun\u00e7\u00e3o de diretor-executivo da Associa\u00e7\u00e3o Brasileira de Bares e Restaurantes no Paran\u00e1 (Abrasel-PR), onde coordena a equipe administrativa e executiva da entidade.<\/p>\n\n\n\n<p>Sua trajet\u00f3ria inclui experi\u00eancia em consultoria e participa\u00e7\u00e3o ativa na representa\u00e7\u00e3o institucional do segmento, com presen\u00e7a em eventos e iniciativas voltadas ao fortalecimento do turismo no Estado, al\u00e9m de atua\u00e7\u00e3o em projetos de desenvolvimento e relacionamento com associados.<\/p>\n\n\n\n<p>Na Secretaria do Turismo, Bartolomeu assume com o desafio de ampliar as pol\u00edticas de fomento ao setor e fortalecer a atra\u00e7\u00e3o de visitantes. O Paran\u00e1 alcan\u00e7ou em 2025 o maior n\u00famero de turistas internacionais da sua hist\u00f3ria, com mais de 1,06 milh\u00e3o de visitantes, crescimento de 5,4% em rela\u00e7\u00e3o ao recorde anterior, de 2019, e de 16,6% na compara\u00e7\u00e3o com 2024, refor\u00e7ando o potencial de expans\u00e3o da atividade no Estado.<\/p>\n\n\n\n<p>Novo secret\u00e1rio do Planejamento, Clemeson Aparecido da Silva \u00e9 advogado formado pelo CESCAGE (Centro Educacional dos Campos Gerais) em 2010, com especializa\u00e7\u00e3o em Direito Processual Civil pela Universidade Estadual de Ponta Grossa (UEPG). Sua experi\u00eancia profissional abrange a advocacia nas \u00e1reas trabalhista, c\u00edvel e criminal, com especial \u00eanfase em Justi\u00e7a do Trabalho e Direito do Consumidor, al\u00e9m de assessoria parlamentar, na C\u00e2mara Municipal de Ponta Grossa (2006\u20132008), e doc\u00eancia universit\u00e1ria. Com perfil de lideran\u00e7a institucional e atua\u00e7\u00e3o social, foi ainda presidente da Associa\u00e7\u00e3o de Portadores de Deformidades Faciais de Ponta Grossa entre 2007 e 2018.<\/p>\n\n\n\n<h3><\/h3>\n\n\n\n<ul><li><\/li><\/ul>\n\n\n\n<p>Fonte &#8211; AEN<\/p>\n","protected":false},"excerpt":{"rendered":"<p>O governador Carlos Massa Ratinho Junior assinou quinta-feira (30) as nomea\u00e7\u00f5es de Fernando Giacobo para a Secretaria de Estado das Cidades (Secid), Luciano Bartolomeu para a Secretaria de Estado do Turismo (Setu) e&nbsp;Clemeson Aparecido da Silva para a Secretaria do Planejamento (SEPL). Fernando Giacobo \u00e9 empres\u00e1rio e pol\u00edtico. Natural de Pato Branco, ele \u00e9 formado [&hellip;]<\/p>\n","protected":false},"author":2,"featured_media":6493,"comment_status":"open","ping_status":"open","sticky":false,"template":"","format":"standard","meta":{"_monsterinsights_skip_tracking":false,"_monsterinsights_sitenote_active":false,"_monsterinsights_sitenote_note":"","_monsterinsights_sitenote_category":0},"categories":[3,290],"tags":[],"_links":{"self":[{"href":"https:\/\/portaltvatosefatos.com.br\/index.php\/wp-json\/wp\/v2\/posts\/6492"}],"collection":[{"href":"https:\/\/portaltvatosefatos.com.br\/index.php\/wp-json\/wp\/v2\/posts"}],"about":[{"href":"https:\/\/portaltvatosefatos.com.br\/index.php\/wp-json\/wp\/v2\/types\/post"}],"author":[{"embeddable":true,"href":"https:\/\/portaltvatosefatos.com.br\/index.php\/wp-json\/wp\/v2\/users\/2"}],"replies":[{"embeddable":true,"href":"https:\/\/portaltvatosefatos.com.br\/index.php\/wp-json\/wp\/v2\/comments?post=6492"}],"version-history":[{"count":1,"href":"https:\/\/portaltvatosefatos.com.br\/index.php\/wp-json\/wp\/v2\/posts\/6492\/revisions"}],"predecessor-version":[{"id":6494,"href":"https:\/\/portaltvatosefatos.com.br\/index.php\/wp-json\/wp\/v2\/posts\/6492\/revisions\/6494"}],"wp:featuredmedia":[{"embeddable":true,"href":"https:\/\/portaltvatosefatos.com.br\/index.php\/wp-json\/wp\/v2\/media\/6493"}],"wp:attachment":[{"href":"https:\/\/portaltvatosefatos.com.br\/index.php\/wp-json\/wp\/v2\/media?parent=6492"}],"wp:term":[{"taxonomy":"category","embeddable":true,"href":"https:\/\/portaltvatosefatos.com.br\/index.php\/wp-json\/wp\/v2\/categories?post=6492"},{"taxonomy":"post_tag","embeddable":true,"href":"https:\/\/portaltvatosefatos.com.br\/index.php\/wp-json\/wp\/v2\/tags?post=6492"}],"curies":[{"name":"wp","href":"https:\/\/api.w.org\/{rel}","templated":true}]}}