{"id":7161,"date":"2026-08-30T10:35:53","date_gmt":"2026-08-30T13:35:53","guid":{"rendered":"https:\/\/portaltvatosefatos.com.br\/?p=7161"},"modified":"2026-08-30T10:35:54","modified_gmt":"2026-08-30T13:35:54","slug":"lula-e-flavio-tem-empate-tecnico-no-2o-turno-em-pesquisa","status":"publish","type":"post","link":"https:\/\/portaltvatosefatos.com.br\/index.php\/2026\/08\/30\/lula-e-flavio-tem-empate-tecnico-no-2o-turno-em-pesquisa\/","title":{"rendered":"Lula e Fl\u00e1vio t\u00eam empate t\u00e9cnico no 2\u00ba turno em pesquisa"},"content":{"rendered":"\n<p><strong>Levantamento da Vox Brasil divulgado neste s\u00e1bado (29.ago.2026) mostra empate t\u00e9cnico entre o senador Fl\u00e1vio Bolsonaro (PL) e o presidente Luiz In\u00e1cio Lula da Silva (PT) em uma eventual disputa de 2\u00ba turno pela Presid\u00eancia.<\/strong>&nbsp;O congressista tem 45,1% das inten\u00e7\u00f5es de voto, ante 44,5% do petista.<\/p>\n\n\n\n<p>A pesquisa testou cen\u00e1rios de 2\u00ba turno entre Lula e os candidatos Fl\u00e1vio Bolsonaro, Romeu Zema (Novo) e Ronaldo Caiado (PSD).<\/p>\n\n\n\n<h2><strong>Cen\u00e1rio 1:<\/strong><\/h2>\n\n\n\n<ul><li><strong>Fl\u00e1vio Bolsonaro<\/strong>&nbsp;(PL) \u2013 45,1%;<\/li><li><strong>Lula<\/strong>&nbsp;(PT) \u2013 44,5%;<\/li><li><strong>branco\/nulo\/nenhum<\/strong>&nbsp;\u2013 7,9%;<\/li><li><strong>n\u00e3o sabe<\/strong>&nbsp;\u2013 2,5%.<\/li><\/ul>\n\n\n\n<h2>&nbsp;<\/h2>\n\n\n\n<h2><strong>Cen\u00e1rio 2:<\/strong><\/h2>\n\n\n\n<ul><li><strong>Lula<\/strong>&nbsp;(PT) \u2013 45,5%;<\/li><li><strong>Romeu Zema<\/strong>&nbsp;(Novo) \u2013 39,3%;<\/li><li><strong>branco\/nulo\/nenhum<\/strong>&nbsp;\u2013 8,1%;<\/li><li><strong>n\u00e3o sabe<\/strong>&nbsp;\u2013 7,1%.<\/li><\/ul>\n\n\n\n<h2><strong>Cen\u00e1rio 3:<\/strong><\/h2>\n\n\n\n<ul><li><strong>Lula<\/strong>&nbsp;(PT) \u2013 45,5%;<\/li><li><strong>Ronaldo Caiado<\/strong>&nbsp;(PSD) \u2013 41,1%;<\/li><li><strong>branco\/nulo\/nenhum<\/strong>&nbsp;\u2013 5,3%;<\/li><li><strong>n\u00e3o sabe<\/strong>&nbsp;\u2013 8,1%.<\/li><\/ul>\n\n\n\n<p>A pesquisa Vox Brasil ouviu 2.100 eleitores em todo o territ\u00f3rio nacional, de 25 a 27 de agosto de 2026. A margem de erro \u00e9 de 2,15 pontos percentuais, para mais ou para menos. O n\u00edvel de confian\u00e7a \u00e9 de 95%. O estudo est\u00e1 registrado no Tribunal Superior Eleitoral sob o n\u00famero BR-05519\/2026. Custou R$ 50.000. Foi pago com recursos pr\u00f3prios.<\/p>\n\n\n\n<h2>&nbsp;<\/h2>\n\n\n\n<h2><strong>1\u00ba TURNO<\/strong><\/h2>\n\n\n\n<p>O levantamento mediu as inten\u00e7\u00f5es de voto em um cen\u00e1rio de 1\u00ba turno para a disputa pela Presid\u00eancia da Rep\u00fablica.<\/p>\n\n\n\n<ul><li><strong>Lula<\/strong>&nbsp;(PT) \u2013 37,1%;<\/li><li><strong>Fl\u00e1vio Bolsonaro<\/strong>&nbsp;(PL) \u2013 34,8%;<\/li><li><strong>Ronaldo Caiado<\/strong>&nbsp;(PSD) \u2013 5,0%;<\/li><li><strong>Renan Santos<\/strong>&nbsp;(Miss\u00e3o) \u2013 3,3%;<\/li><li><strong>Romeu Zema<\/strong>&nbsp;(Novo) \u2013 2,8%;<\/li><li><strong>Augusto Cury<\/strong>&nbsp;(Avante) \u2013 2,6%;<\/li><li><strong>Pablo Mar\u00e7al<\/strong>&nbsp;(PRTB) \u2013 2,0%;<\/li><li><strong>Clariana Bar\u00e3o<\/strong>&nbsp;(Democracia Crist\u00e3) \u2013 0,8%;<\/li><li><strong>Edmilson Costa<\/strong>&nbsp;(PCB) \u2013 0,5%;<\/li><li><strong>Veterin\u00e1rio Wilson Grassi<\/strong>&nbsp;(Democrata) \u2013 0,4%;<\/li><li><strong>Rui Costa Pimenta<\/strong>&nbsp;(PCO) \u2013 0,2%;<\/li><li><strong>Hertz Dias<\/strong>&nbsp;(PSTU) \u2013 0,1%;<\/li><li><strong>Samara Martins<\/strong>&nbsp;(UP) \u2013 0,1%;<\/li><li><strong>branco\/nulo\/nenhum<\/strong>&nbsp;\u2013 3,5%;<\/li><li><strong>n\u00e3o sabe<\/strong>&nbsp;\u2013 6,8%.<\/li><\/ul>\n\n\n\n<h2>&nbsp;<\/h2>\n\n\n\n<h2><strong>REJEI\u00c7\u00c3O<\/strong><\/h2>\n\n\n\n<p>A pesquisa tamb\u00e9m avaliou o \u00edndice de rejei\u00e7\u00e3o dos candidatos \u00e0 Presid\u00eancia entre os eleitores.<\/p>\n\n\n\n<p>Eis os resultados:<\/p>\n\n\n\n<ul><li><strong>Lula<\/strong>&nbsp;(PT) \u2013 52,7%;<\/li><li><strong>Fl\u00e1vio Bolsonaro<\/strong>&nbsp;(PL) \u2013 49,3%;<\/li><li><strong>Romeu Zema<\/strong>&nbsp;(Novo) \u2013 30,5%;<\/li><li><strong>Ronaldo Caiado<\/strong>&nbsp;(PSD) \u2013 28,7%;<\/li><li><strong>Renan Santos<\/strong>&nbsp;(Miss\u00e3o) \u2013 25,3%;<\/li><li><strong>Pablo Mar\u00e7al<\/strong>&nbsp;(PRTB) \u2013 22,4%;<\/li><li><strong>Clariana Bar\u00e3o<\/strong>&nbsp;(Democracia Crist\u00e3) \u2013 13,3%;<\/li><li><strong>Edmilson Costa<\/strong>&nbsp;(PCB) \u2013 9,3%;<\/li><li><strong>Augusto Cury<\/strong>&nbsp;(Avante) \u2013 9,0%;<\/li><li><strong>Veterin\u00e1rio Wilson Grassi<\/strong>&nbsp;(Democrata) \u2013 8,7%;<\/li><li><strong>Rui Costa Pimenta<\/strong>&nbsp;(PCO) \u2013 5,2%;<\/li><li><strong>Hertz Dias<\/strong>&nbsp;(PSTU) \u2013 3,5%;<\/li><li><strong>Samara Martins<\/strong>&nbsp;(UP) \u2013 3,0%;<\/li><li><strong>n\u00e3o rejeita nenhum<\/strong>&nbsp;\u2013 2,3%;<\/li><li><strong>n\u00e3o sabe<\/strong>&nbsp;\u2013 8,8%.<\/li><\/ul>\n\n\n\n<h2>&nbsp;<\/h2>\n\n\n\n<h2><strong>APROVA\u00c7\u00c3O<\/strong><\/h2>\n\n\n\n<p>A Vox Brasil perguntou aos eleitores como avaliam o governo do presidente Lula. A gest\u00e3o \u00e9 desaprovada por 53,3% dos entrevistados, enquanto 45,1% dizem aprov\u00e1-la. Outros 1,6% n\u00e3o souberam responder.<\/p>\n\n\n\n<p><em>Fonte &#8211; Poder 360<\/em><\/p>\n","protected":false},"excerpt":{"rendered":"<p>Levantamento da Vox Brasil divulgado neste s\u00e1bado (29.ago.2026) mostra empate t\u00e9cnico entre o senador Fl\u00e1vio Bolsonaro (PL) e o presidente Luiz In\u00e1cio Lula da Silva (PT) em uma eventual disputa de 2\u00ba turno pela Presid\u00eancia.&nbsp;O congressista tem 45,1% das inten\u00e7\u00f5es de voto, ante 44,5% do petista. A pesquisa testou cen\u00e1rios de 2\u00ba turno entre Lula [&hellip;]<\/p>\n","protected":false},"author":2,"featured_media":7162,"comment_status":"open","ping_status":"open","sticky":false,"template":"","format":"standard","meta":{"_monsterinsights_skip_tracking":false,"_monsterinsights_sitenote_active":false,"_monsterinsights_sitenote_note":"","_monsterinsights_sitenote_category":0},"categories":[289,286],"tags":[],"_links":{"self":[{"href":"https:\/\/portaltvatosefatos.com.br\/index.php\/wp-json\/wp\/v2\/posts\/7161"}],"collection":[{"href":"https:\/\/portaltvatosefatos.com.br\/index.php\/wp-json\/wp\/v2\/posts"}],"about":[{"href":"https:\/\/portaltvatosefatos.com.br\/index.php\/wp-json\/wp\/v2\/types\/post"}],"author":[{"embeddable":true,"href":"https:\/\/portaltvatosefatos.com.br\/index.php\/wp-json\/wp\/v2\/users\/2"}],"replies":[{"embeddable":true,"href":"https:\/\/portaltvatosefatos.com.br\/index.php\/wp-json\/wp\/v2\/comments?post=7161"}],"version-history":[{"count":1,"href":"https:\/\/portaltvatosefatos.com.br\/index.php\/wp-json\/wp\/v2\/posts\/7161\/revisions"}],"predecessor-version":[{"id":7163,"href":"https:\/\/portaltvatosefatos.com.br\/index.php\/wp-json\/wp\/v2\/posts\/7161\/revisions\/7163"}],"wp:featuredmedia":[{"embeddable":true,"href":"https:\/\/portaltvatosefatos.com.br\/index.php\/wp-json\/wp\/v2\/media\/7162"}],"wp:attachment":[{"href":"https:\/\/portaltvatosefatos.com.br\/index.php\/wp-json\/wp\/v2\/media?parent=7161"}],"wp:term":[{"taxonomy":"category","embeddable":true,"href":"https:\/\/portaltvatosefatos.com.br\/index.php\/wp-json\/wp\/v2\/categories?post=7161"},{"taxonomy":"post_tag","embeddable":true,"href":"https:\/\/portaltvatosefatos.com.br\/index.php\/wp-json\/wp\/v2\/tags?post=7161"}],"curies":[{"name":"wp","href":"https:\/\/api.w.org\/{rel}","templated":true}]}}