{"id":7171,"date":"2026-09-01T06:16:05","date_gmt":"2026-09-01T09:16:05","guid":{"rendered":"https:\/\/portaltvatosefatos.com.br\/?p=7171"},"modified":"2026-09-01T06:16:06","modified_gmt":"2026-09-01T09:16:06","slug":"medicina-campo-real-supera-a-media-regional-no-teste-de-progresso","status":"publish","type":"post","link":"https:\/\/portaltvatosefatos.com.br\/index.php\/2026\/09\/01\/medicina-campo-real-supera-a-media-regional-no-teste-de-progresso\/","title":{"rendered":"Medicina Campo Real supera a m\u00e9dia regional no Teste de Progresso"},"content":{"rendered":"\n<p><em>Resultado da edi\u00e7\u00e3o Regional 2026 reafirma a excel\u00eancia da institui\u00e7\u00e3o e consolida o curso como refer\u00eancia na forma\u00e7\u00e3o m\u00e9dica de qualidade.<\/em><\/p>\n\n\n\n<p>O curso de Medicina do Centro Universit\u00e1rio Campo Real voltou a se destacar no Teste de Progresso da Associa\u00e7\u00e3o Brasileira de Educa\u00e7\u00e3o M\u00e9dica (ABEM). Na edi\u00e7\u00e3o Regional 2026, os acad\u00eamicos da institui\u00e7\u00e3o alcan\u00e7aram desempenho acima da m\u00e9dia geral das escolas participantes, refor\u00e7ando o resultado positivo do curso na avalia\u00e7\u00e3o.<\/p>\n\n\n\n<p>O Teste de Progresso acompanha o desenvolvimento do conhecimento dos estudantes ao longo de toda a gradua\u00e7\u00e3o em Medicina. Realizada periodicamente, a avalia\u00e7\u00e3o permite observar a evolu\u00e7\u00e3o acad\u00eamica dos alunos e tamb\u00e9m oferece \u00e0s institui\u00e7\u00f5es importantes indicadores para o aprimoramento cont\u00ednuo do processo de ensino e aprendizagem.<\/p>\n\n\n\n<p>Para a Campo Real, os resultados refletem o trabalho desenvolvido ao longo da forma\u00e7\u00e3o m\u00e9dica, que alia conhecimento cient\u00edfico, pr\u00e1tica, tecnologia e contato com diferentes cen\u00e1rios de aprendizagem.<\/p>\n\n\n\n<p><strong>Vestibular de Medicina 2027 est\u00e1 com inscri\u00e7\u00f5es abertas<\/strong><\/p>\n\n\n\n<p>O novo resultado chega tamb\u00e9m em um momento importante para quem deseja iniciar a trajet\u00f3ria na Medicina. A Campo Real est\u00e1 com inscri\u00e7\u00f5es abertas para o Vestibular de Medicina 2027, com prova marcada para 27 de setembro, \u00e0s 14h.<\/p>\n\n\n\n<p>Neste processo seletivo, os candidatos poder\u00e3o realizar a prova em oito cidades: Guarapuava, Irati, Laranjeiras do Sul, Curitiba, Uni\u00e3o da Vit\u00f3ria, Canoinhas, Ivaipor\u00e3 e Pitanga, ampliando as possibilidades para estudantes de diferentes regi\u00f5es.<\/p>\n\n\n\n<p>O curso de Medicina da Campo Real \u00e9 presencial, integral e tem dura\u00e7\u00e3o de seis anos. A gradua\u00e7\u00e3o tamb\u00e9m conta com conceito de excel\u00eancia no MEC e conceito 4 no Enamed, somando indicadores que evidenciam o compromisso da institui\u00e7\u00e3o com a qualidade da forma\u00e7\u00e3o m\u00e9dica.<\/p>\n\n\n\n<p>As inscri\u00e7\u00f5es para o Vestibular de Medicina 2027 podem ser realizadas pelo site&nbsp;<a href=\"https:\/\/camporeal.camporeal.edu.br\/medicina\" target=\"_blank\" rel=\"noreferrer noopener\">camporeal.edu.br.<\/a><\/p>\n","protected":false},"excerpt":{"rendered":"<p>Resultado da edi\u00e7\u00e3o Regional 2026 reafirma a excel\u00eancia da institui\u00e7\u00e3o e consolida o curso como refer\u00eancia na forma\u00e7\u00e3o m\u00e9dica de qualidade. O curso de Medicina do Centro Universit\u00e1rio Campo Real voltou a se destacar no Teste de Progresso da Associa\u00e7\u00e3o Brasileira de Educa\u00e7\u00e3o M\u00e9dica (ABEM). Na edi\u00e7\u00e3o Regional 2026, os acad\u00eamicos da institui\u00e7\u00e3o alcan\u00e7aram desempenho [&hellip;]<\/p>\n","protected":false},"author":2,"featured_media":7172,"comment_status":"open","ping_status":"open","sticky":false,"template":"","format":"standard","meta":{"_monsterinsights_skip_tracking":false,"_monsterinsights_sitenote_active":false,"_monsterinsights_sitenote_note":"","_monsterinsights_sitenote_category":0},"categories":[3,24],"tags":[],"_links":{"self":[{"href":"https:\/\/portaltvatosefatos.com.br\/index.php\/wp-json\/wp\/v2\/posts\/7171"}],"collection":[{"href":"https:\/\/portaltvatosefatos.com.br\/index.php\/wp-json\/wp\/v2\/posts"}],"about":[{"href":"https:\/\/portaltvatosefatos.com.br\/index.php\/wp-json\/wp\/v2\/types\/post"}],"author":[{"embeddable":true,"href":"https:\/\/portaltvatosefatos.com.br\/index.php\/wp-json\/wp\/v2\/users\/2"}],"replies":[{"embeddable":true,"href":"https:\/\/portaltvatosefatos.com.br\/index.php\/wp-json\/wp\/v2\/comments?post=7171"}],"version-history":[{"count":1,"href":"https:\/\/portaltvatosefatos.com.br\/index.php\/wp-json\/wp\/v2\/posts\/7171\/revisions"}],"predecessor-version":[{"id":7173,"href":"https:\/\/portaltvatosefatos.com.br\/index.php\/wp-json\/wp\/v2\/posts\/7171\/revisions\/7173"}],"wp:featuredmedia":[{"embeddable":true,"href":"https:\/\/portaltvatosefatos.com.br\/index.php\/wp-json\/wp\/v2\/media\/7172"}],"wp:attachment":[{"href":"https:\/\/portaltvatosefatos.com.br\/index.php\/wp-json\/wp\/v2\/media?parent=7171"}],"wp:term":[{"taxonomy":"category","embeddable":true,"href":"https:\/\/portaltvatosefatos.com.br\/index.php\/wp-json\/wp\/v2\/categories?post=7171"},{"taxonomy":"post_tag","embeddable":true,"href":"https:\/\/portaltvatosefatos.com.br\/index.php\/wp-json\/wp\/v2\/tags?post=7171"}],"curies":[{"name":"wp","href":"https:\/\/api.w.org\/{rel}","templated":true}]}}