{"id":7190,"date":"2026-09-05T10:47:03","date_gmt":"2026-09-05T13:47:03","guid":{"rendered":"https:\/\/portaltvatosefatos.com.br\/?p=7190"},"modified":"2026-09-05T10:47:05","modified_gmt":"2026-09-05T13:47:05","slug":"aquecimento-alem-de-15c-ameaca-saude-agricultura-e-economia","status":"publish","type":"post","link":"https:\/\/portaltvatosefatos.com.br\/index.php\/2026\/09\/05\/aquecimento-alem-de-15c-ameaca-saude-agricultura-e-economia\/","title":{"rendered":"Aquecimento al\u00e9m de 1,5\u00b0C amea\u00e7a sa\u00fade, agricultura e economia"},"content":{"rendered":"\n<p><strong>Desastres naturais, ondas de calor, secas hist\u00f3ricas, chuvas intensas e perdas agr\u00edcolas s\u00e3o alguns dos eventos extremos que se tornar\u00e3o frequentes em um planeta mais quente do que o esperado. A conclus\u00e3o \u00e9 de especialistas diante do an\u00fancio das Na\u00e7\u00f5es Unidas nesta quarta-feira (2) de que o planeta deve ultrapassar o limite de 1,5\u00ba C de aquecimento nos pr\u00f3ximos anos.<\/strong><img src=\"https:\/\/agenciabrasil.ebc.com.br\/ebc.png?id=1701404&amp;o=node\"><img src=\"https:\/\/agenciabrasil.ebc.com.br\/ebc.gif?id=1701404&amp;o=node\"><\/p>\n\n\n\n<p>Para o diretor executivo do Instituto de Pesquisa Ambiental da Amaz\u00f4nia (IPAM), Andr\u00e9 Guimar\u00e3es, a informa\u00e7\u00e3o precisa ser tratada com a devida gravidade e provocar esfor\u00e7os urgentes para mudar o cen\u00e1rio.<\/p>\n\n\n\n<blockquote class=\"wp-block-quote\"><p>\u201cHoje \u00e9 um dia triste para a humanidade. Fomos derrotados por n\u00f3s mesmos\u201d, lamenta Andr\u00e9.<\/p><\/blockquote>\n\n\n\n<p>E especialista diz que a humanidade pode&nbsp;redesenhar o pr\u00f3prio futuro neste planeta.<\/p>\n\n\n\n<blockquote class=\"wp-block-quote\"><p>&#8220;Temos que reduzir urgentemente a queima de combust\u00edveis f\u00f3sseis, acabar com a convers\u00e3o de florestas e mudar, de forma geral, nossa rela\u00e7\u00e3o com a natureza\u201d, complementa.<\/p><\/blockquote>\n\n\n\n<p>Em evento promovido pelo pelo Instituto Clima e Sociedade (iCS), a presidente do Comit\u00ea Diretor do Sistema Global de Observa\u00e7\u00e3o do Clima (GCOS), da Organiza\u00e7\u00e3o Meteorol\u00f3gica Mundial (OMM),&nbsp;<strong>Thelma Krug, disse&nbsp;que a dimens\u00e3o e a dura\u00e7\u00e3o do aquecimento determinar\u00e3o o tamanho dos impactos sobre a sociedade e o meio ambiente.<\/strong><\/p>\n\n\n\n<p><strong>Quanto mais quente e mais tempo o planeta permanecer acima do limite de 1,5\u00baC, maior ser\u00e1 a necessidade de remo\u00e7\u00e3o de di\u00f3xido de carbono da atmosfera e mais dif\u00edcil ser\u00e1 reverter o aquecimento.<\/strong><\/p>\n\n\n\n<p>A temperatura global, segundo Thelma Krug, j\u00e1 est\u00e1 cerca de 1,37\u00b0C acima dos n\u00edveis pr\u00e9-industriais, com avan\u00e7o aproximado de 0,26\u00b0C por d\u00e9cada.<\/p>\n\n\n\n<blockquote class=\"wp-block-quote\"><p>\u201cFazendo uma conta bem r\u00e1pida, ter\u00edamos tr\u00eas ou quatro anos para limitar o aquecimento, se continuarmos no ritmo atual de emiss\u00f5es\u201d, explicou Thelma.<\/p><\/blockquote>\n\n\n\n<h2>Preju\u00edzos<\/h2>\n\n\n\n<p>O economista Sergio Margulis, especialista do Instituto Internacional para Sustentabilidade (IIS) e professor da PUC-Rio, destaca os preju\u00edzos econ\u00f4micos do aumento das temperaturas.&nbsp;<strong>Perdas em infraestrutura, agricultura, sa\u00fade e energia j\u00e1 representam 2% do PIB global.<\/strong><\/p>\n\n\n\n<p>Margulis&nbsp;indica que \u00e9 preciso investir na transi\u00e7\u00e3o energ\u00e9tica agora, para n\u00e3o elevar ainda mais esses preju\u00edzos.<\/p>\n\n\n\n<blockquote class=\"wp-block-quote\"><p>\u201cHoje o mundo gasta uns 2 trilh\u00f5es de d\u00f3lares com descarboniza\u00e7\u00e3o. S\u00f3 que a gente precisa aumentar esse patamar para 5 trilh\u00f5es ou at\u00e9 um pouco mais. N\u00e3o tem como fugir disso\u201d, analisa o economista.<\/p><\/blockquote>\n\n\n\n<p>Margulis tamb\u00e9m destaca que os governos precisar\u00e3o ampliar os investimentos em adapta\u00e7\u00e3o, por\u00e9m, o mais urgente \u00e9 reduzir o problema na fonte.<\/p>\n\n\n\n<p>\u201cAdapta\u00e7\u00e3o n\u00e3o resolve o problema f\u00edsico do aquecimento global. Temos que parar com as emiss\u00f5es. Os pa\u00edses n\u00e3o podem ficar esperando a revers\u00e3o do clima para agir\u201d, destacou.<\/p>\n\n\n\n<p>O coordenador de pol\u00edtica internacional do Observat\u00f3rio do Clima (OC), Claudio Angelo, refor\u00e7a que o relat\u00f3rio da ONU \u00e9 um alerta para impedir que a ultrapassagem de 1,5\u00b0C seja ainda maior.<\/p>\n\n\n\n<p>\u201cAbandonar o objetivo de devolver os term\u00f4metros a 1,5\u00baC n\u00e3o \u00e9 uma op\u00e7\u00e3o; seria assinar um pacto coletivo de suic\u00eddio. Mas o pico e o decl\u00ednio n\u00e3o ocorrer\u00e3o enquanto pa\u00edses produtores de combust\u00edveis f\u00f3sseis olharem para essas ind\u00fastrias como uma benesse em vez de uma maldi\u00e7\u00e3o\u201d, analisa Angelo.<\/p>\n\n\n\n<p>\u201c\u00c9 preciso parar j\u00e1 a expans\u00e3o f\u00f3ssil no mundo, e a COP31, daqui a dois meses, \u00e9 uma oportunidade de tomar essa decis\u00e3o\u201d, finaliza.<\/p>\n\n\n\n<p>Fonte &#8211; Ag\u00eancia Brasil<\/p>\n","protected":false},"excerpt":{"rendered":"<p>Desastres naturais, ondas de calor, secas hist\u00f3ricas, chuvas intensas e perdas agr\u00edcolas s\u00e3o alguns dos eventos extremos que se tornar\u00e3o frequentes em um planeta mais quente do que o esperado. A conclus\u00e3o \u00e9 de especialistas diante do an\u00fancio das Na\u00e7\u00f5es Unidas nesta quarta-feira (2) de que o planeta deve ultrapassar o limite de 1,5\u00ba C [&hellip;]<\/p>\n","protected":false},"author":2,"featured_media":7191,"comment_status":"open","ping_status":"open","sticky":false,"template":"","format":"standard","meta":{"_monsterinsights_skip_tracking":false,"_monsterinsights_sitenote_active":false,"_monsterinsights_sitenote_note":"","_monsterinsights_sitenote_category":0},"categories":[289,3],"tags":[655],"_links":{"self":[{"href":"https:\/\/portaltvatosefatos.com.br\/index.php\/wp-json\/wp\/v2\/posts\/7190"}],"collection":[{"href":"https:\/\/portaltvatosefatos.com.br\/index.php\/wp-json\/wp\/v2\/posts"}],"about":[{"href":"https:\/\/portaltvatosefatos.com.br\/index.php\/wp-json\/wp\/v2\/types\/post"}],"author":[{"embeddable":true,"href":"https:\/\/portaltvatosefatos.com.br\/index.php\/wp-json\/wp\/v2\/users\/2"}],"replies":[{"embeddable":true,"href":"https:\/\/portaltvatosefatos.com.br\/index.php\/wp-json\/wp\/v2\/comments?post=7190"}],"version-history":[{"count":1,"href":"https:\/\/portaltvatosefatos.com.br\/index.php\/wp-json\/wp\/v2\/posts\/7190\/revisions"}],"predecessor-version":[{"id":7192,"href":"https:\/\/portaltvatosefatos.com.br\/index.php\/wp-json\/wp\/v2\/posts\/7190\/revisions\/7192"}],"wp:featuredmedia":[{"embeddable":true,"href":"https:\/\/portaltvatosefatos.com.br\/index.php\/wp-json\/wp\/v2\/media\/7191"}],"wp:attachment":[{"href":"https:\/\/portaltvatosefatos.com.br\/index.php\/wp-json\/wp\/v2\/media?parent=7190"}],"wp:term":[{"taxonomy":"category","embeddable":true,"href":"https:\/\/portaltvatosefatos.com.br\/index.php\/wp-json\/wp\/v2\/categories?post=7190"},{"taxonomy":"post_tag","embeddable":true,"href":"https:\/\/portaltvatosefatos.com.br\/index.php\/wp-json\/wp\/v2\/tags?post=7190"}],"curies":[{"name":"wp","href":"https:\/\/api.w.org\/{rel}","templated":true}]}}